{"id":40350,"date":"2022-06-23T09:59:48","date_gmt":"2022-06-23T16:59:48","guid":{"rendered":"https:\/\/mcecleanenergy.org\/how-will-vehicle-to-grid-technology-shape-our-energy-future\/"},"modified":"2024-06-16T18:57:32","modified_gmt":"2024-06-17T01:57:32","slug":"how-will-vehicle-to-grid-technology-shape-our-energy-future","status":"publish","type":"post","link":"https:\/\/mcecleanenergy.org\/de\/how-will-vehicle-to-grid-technology-shape-our-energy-future\/","title":{"rendered":"Wie wird die Vehicle-to-Grid-Technologie unsere Energiezukunft pr\u00e4gen?"},"content":{"rendered":"<div data-elementor-type=\"wp-post\" data-elementor-id=\"40350\" class=\"elementor elementor-40350\" data-elementor-post-type=\"post\">\n\t\t\t\t<div data-particle_enable=\"false\" data-particle-mobile-disabled=\"false\" class=\"elementor-element elementor-element-55b477c e-flex e-con-boxed e-con e-parent\" data-id=\"55b477c\" data-element_type=\"container\" data-e-type=\"container\" data-settings=\"{&quot;jet_parallax_layout_list&quot;:[]}\">\n\t\t\t\t\t<div class=\"e-con-inner\">\n\t\t<div data-particle_enable=\"false\" data-particle-mobile-disabled=\"false\" class=\"elementor-element elementor-element-d4450c5 e-flex e-con-boxed e-con e-child\" data-id=\"d4450c5\" data-element_type=\"container\" data-e-type=\"container\" data-settings=\"{&quot;jet_parallax_layout_list&quot;:[]}\">\n\t\t\t\t\t<div class=\"e-con-inner\">\n\t\t<div data-particle_enable=\"false\" data-particle-mobile-disabled=\"false\" class=\"elementor-element elementor-element-469f90d e-con-full e-flex e-con e-child\" data-id=\"469f90d\" data-element_type=\"container\" data-e-type=\"container\" data-settings=\"{&quot;jet_parallax_layout_list&quot;:[]}\">\n\t\t<div data-particle_enable=\"false\" data-particle-mobile-disabled=\"false\" class=\"elementor-element elementor-element-4b3aefb e-con-full e-flex e-con e-child\" data-id=\"4b3aefb\" data-element_type=\"container\" data-e-type=\"container\" data-settings=\"{&quot;jet_parallax_layout_list&quot;:[]}\">\n\t\t\t\t<div class=\"elementor-element elementor-element-1f86c18 elementor-widget elementor-widget-text-editor\" data-id=\"1f86c18\" data-element_type=\"widget\" data-e-type=\"widget\" data-widget_type=\"text-editor.default\">\n\t\t\t\t<div class=\"elementor-widget-container\">\n\t\t\t\t\t\t\t\t\t<p>Die Abstimmung von Stromangebot und -nachfrage \u00fcber den gesamten Tag hinweg ist ein wesentlicher Aspekt beim \u00dcbergang zu 100% erneuerbaren Energien. F\u00fchrende saubere Energiequellen wie Sonnen- und Windenergie sind intermittierende Energiequellen, d. h. sie produzieren zu verschiedenen Tageszeiten unterschiedliche Mengen an Energie. Energiespeicherl\u00f6sungen erm\u00f6glichen die Speicherung von Energie w\u00e4hrend der Produktionsspitzen und die Entladung w\u00e4hrend der Spitzenzeiten der Stromnachfrage. In dem Bestreben, die Nutzung erneuerbarer Energien im Netz zu maximieren, entwickelt sich die Vehicle-to-Grid-Technologie (V2G) rasch zu einer f\u00fchrenden Energiespeicherl\u00f6sung.<\/p><p>V2G nutzt die Batterien, die bereits in Elektrofahrzeugen (EVs) vorhanden sind, um die Energie in unserem Netz zu speichern. Normalerweise denken wir bei den Batterien von Elektrofahrzeugen an eine Aufladung in eine Richtung. Mit der V2G-Technologie flie\u00dft der Strom in zwei Richtungen: Das Netz kann das Fahrzeug aufladen, und das Fahrzeug kann auch Energie in das Netz zur\u00fccksenden. Die V2G-Technologie erm\u00f6glicht es uns, die Ladezeiten so zu optimieren, dass ein maximaler Nutzen f\u00fcr das Netz entsteht. So k\u00f6nnen E-Fahrzeuge beispielsweise in der Mitte des Tages vollst\u00e4ndig aufgeladen werden, wenn die Sonnenkollektoren die meiste Energie produzieren und die Stromkosten niedrig sind. \u00dcbersch\u00fcssige Energie in der Batterie kann in den Abendstunden, wenn der Strombedarf am h\u00f6chsten ist, in das Netz zur\u00fcckgespeist werden.<\/p><p>Die V2G-Technologie kann dazu beitragen, die Nutzung erneuerbarer Energien zu erh\u00f6hen, ein effizienteres Netz zu schaffen, die Kosten f\u00fcr das Aufladen von Elektrofahrzeugen zu senken und wird sich nat\u00fcrlich ausweiten, wenn mehr Elektrofahrzeuge auf die Stra\u00dfe kommen. Bevor die V2G-Technologie in gro\u00dfem Umfang eingesetzt werden kann, sind mehrere technologische und politische Fortschritte erforderlich.<\/p><p>Wir haben sieben V2G-Experten befragt, um zu erfahren, welche Rolle die V2G-Technologie bei der Netzstabilisierung spielt und wann sie einsatzbereit sein wird. Hier ist, was sie zu sagen hatten.<\/p>\t\t\t\t\t\t\t\t<\/div>\n\t\t\t\t<\/div>\n\t\t\t\t<\/div>\n\t\t<div data-particle_enable=\"false\" data-particle-mobile-disabled=\"false\" class=\"elementor-element elementor-element-3e16f56 e-con-full e-flex e-con e-child\" data-id=\"3e16f56\" data-element_type=\"container\" data-e-type=\"container\" data-settings=\"{&quot;jet_parallax_layout_list&quot;:[],&quot;background_background&quot;:&quot;classic&quot;}\">\n\t\t\t\t<div class=\"elementor-element elementor-element-9ef9761 elementor-widget elementor-widget-text-editor\" data-id=\"9ef9761\" data-element_type=\"widget\" data-e-type=\"widget\" data-widget_type=\"text-editor.default\">\n\t\t\t\t<div class=\"elementor-widget-container\">\n\t\t\t\t\t\t\t\t\t<h3>Wissenswerte Begriffe<\/h3><p><strong>V2G:<\/strong> Fahrzeug ans Netz<br \/>Bezieht sich auf bidirektionale Ladem\u00f6glichkeiten, bei denen die Batterie des E-Fahrzeugs sowohl vom Netz aufgeladen werden kann als auch Energie zur\u00fcck ins Netz entladen kann.<\/p><p><strong>VGI:<\/strong> Fahrzeug-Netzintegration<br \/>Umfasst die M\u00f6glichkeiten der Interaktion zwischen Elektrofahrzeugen und dem Netz, einschlie\u00dflich der V2G-Technologie und anderer M\u00f6glichkeiten zur Optimierung der Interaktion zwischen Fahrzeug und Netz, wie z. B. die Schaffung von Anreizen f\u00fcr das Aufladen au\u00dferhalb der Hauptverkehrszeiten.<\/p><p><strong>V2X:<\/strong> Fahrzeug nach X<br \/>Umfasst die M\u00f6glichkeiten der Interaktion zwischen Elektrofahrzeugen und dem Netz, einschlie\u00dflich der V2G-Technologie und anderer M\u00f6glichkeiten zur Optimierung der Interaktion zwischen Fahrzeug und Netz, wie z. B. die Schaffung von Anreizen f\u00fcr das Aufladen au\u00dferhalb der Hauptverkehrszeiten.<\/p>\t\t\t\t\t\t\t\t<\/div>\n\t\t\t\t<\/div>\n\t\t\t\t<\/div>\n\t\t\t\t<\/div>\n\t\t\t\t\t<\/div>\n\t\t\t\t<\/div>\n\t\t<div data-particle_enable=\"false\" data-particle-mobile-disabled=\"false\" class=\"elementor-element elementor-element-b97284f e-flex e-con-boxed e-con e-child\" data-id=\"b97284f\" data-element_type=\"container\" data-e-type=\"container\" data-settings=\"{&quot;jet_parallax_layout_list&quot;:[]}\">\n\t\t\t\t\t<div class=\"e-con-inner\">\n\t\t<div data-particle_enable=\"false\" data-particle-mobile-disabled=\"false\" class=\"elementor-element elementor-element-24edbff e-con-full e-flex e-con e-child\" data-id=\"24edbff\" data-element_type=\"container\" data-e-type=\"container\" data-settings=\"{&quot;jet_parallax_layout_list&quot;:[]}\">\n\t\t\t\t<div class=\"elementor-element elementor-element-c42e3cb elementor-widget elementor-widget-image\" data-id=\"c42e3cb\" data-element_type=\"widget\" data-e-type=\"widget\" data-widget_type=\"image.default\">\n\t\t\t\t<div class=\"elementor-widget-container\">\n\t\t\t\t\t\t\t\t\t\t\t\t\t\t\t<img decoding=\"async\" width=\"200\" height=\"209\" src=\"https:\/\/mcecleanenergy.org\/wp-content\/uploads\/2022\/06\/adam-v2g-2.png\" class=\"attachment-full size-full wp-image-50681\" alt=\"\" srcset=\"https:\/\/mcecleanenergy.org\/wp-content\/uploads\/2022\/06\/adam-v2g-2.png 200w, https:\/\/mcecleanenergy.org\/wp-content\/uploads\/2022\/06\/adam-v2g-2-11x12.png 11w\" sizes=\"(max-width: 200px) 100vw, 200px\" \/>\t\t\t\t\t\t\t\t\t\t\t\t\t\t\t<\/div>\n\t\t\t\t<\/div>\n\t\t\t\t<div class=\"elementor-element elementor-element-5ce29fb elementor-widget elementor-widget-text-editor\" data-id=\"5ce29fb\" data-element_type=\"widget\" data-e-type=\"widget\" data-widget_type=\"text-editor.default\">\n\t\t\t\t<div class=\"elementor-widget-container\">\n\t\t\t\t\t\t\t\t\t<p><strong>Adam Langton<\/strong><\/p><p>Manager f\u00fcr vernetzte eMobilit\u00e4t und Energiedienstleistungen bei\u00a0<a href=\"https:\/\/www.bmwusa.com\/\" target=\"_blank\" rel=\"noopener\">BMW Nordamerika<\/a><\/p>\t\t\t\t\t\t\t\t<\/div>\n\t\t\t\t<\/div>\n\t\t\t\t<\/div>\n\t\t<div data-particle_enable=\"false\" data-particle-mobile-disabled=\"false\" class=\"elementor-element elementor-element-50f69d6 e-con-full e-flex e-con e-child\" data-id=\"50f69d6\" data-element_type=\"container\" data-e-type=\"container\" data-settings=\"{&quot;jet_parallax_layout_list&quot;:[]}\">\n\t\t\t\t<div class=\"elementor-element elementor-element-7c76f5d elementor-blockquote--align-left elementor-blockquote--skin-border elementor-widget elementor-widget-blockquote\" data-id=\"7c76f5d\" data-element_type=\"widget\" data-e-type=\"widget\" data-widget_type=\"blockquote.default\">\n\t\t\t\t<div class=\"elementor-widget-container\">\n\t\t\t\t\t\t\t<blockquote class=\"elementor-blockquote\">\n\t\t\t<p class=\"elementor-blockquote__content\">\n\t\t\t\t\"V2G-Fahrzeuge k\u00f6nnten eine ideale Antwort auf eine hohe Nachfrage sein, da sie taktisch in den Vierteln eingesetzt werden k\u00f6nnen, in denen das Netz unter Druck steht. Wenn das Netz einen \u00dcberschuss an erneuerbarer Energie hat, k\u00f6nnen V2G-Fahrzeuge diese aufladen und dem Netz helfen, diese Energie aufzunehmen, ohne \u00fcberlastet zu werden. Mit V2G kann das Netz schneller auf Schwankungen bei der Versorgung mit erneuerbaren Energien reagieren und so das kalifornische Ziel von 100% erneuerbarer Energie unterst\u00fctzen.<br><br>Die Vorbereitung auf eine gro\u00df angelegte V2G-Einf\u00fchrung erfordert die Zusammenarbeit zwischen den Netzbetreibern, dem Verkehrssektor und den E-Fahrern. Die Netzakteure m\u00fcssen den Fahrern die richtigen Anreize bieten, V2G-f\u00e4hige Fahrzeuge zu kaufen und ihre Batterien bei Bedarf als Netzressource zur Verf\u00fcgung zu stellen. Die Nutzung eines V2G-Fahrzeugs als Netzressource erfordert die Zustimmung des Versorgungsunternehmens. Die Regulierungsbeh\u00f6rden m\u00fcssen klare Regeln entwickeln, um sicherzustellen, dass V2G sicher genutzt wird, und gleichzeitig daf\u00fcr sorgen, dass das Genehmigungsverfahren schnell und einfach zu verstehen ist. Um zu vermeiden, dass in ein Fahrzeug investiert wird, das an dem betreffenden Standort nicht genutzt werden kann, sollten Netzbetreiber eine M\u00f6glichkeit in Betracht ziehen, dass Autofahrer ihr Haus oder ihr Unternehmen vorab als V2G-f\u00e4hig einstufen k\u00f6nnen. Um eine breite Beteiligung zu erreichen, m\u00fcssen die Fahrer wissen, dass die Leistung und die Reichweite des Fahrzeugs nicht beeintr\u00e4chtigt werden und ihre Mobilit\u00e4t nicht beeintr\u00e4chtigt wird, wenn sie ihr Fahrzeug f\u00fcr Netzdienste nutzen.\t\t\t<\/p>\n\t\t\t\t\t<\/blockquote>\n\t\t\t\t\t\t<\/div>\n\t\t\t\t<\/div>\n\t\t\t\t<\/div>\n\t\t\t\t\t<\/div>\n\t\t\t\t<\/div>\n\t\t<div data-particle_enable=\"false\" data-particle-mobile-disabled=\"false\" class=\"elementor-element elementor-element-7335f02 e-flex e-con-boxed e-con e-child\" data-id=\"7335f02\" data-element_type=\"container\" data-e-type=\"container\" data-settings=\"{&quot;jet_parallax_layout_list&quot;:[]}\">\n\t\t\t\t\t<div class=\"e-con-inner\">\n\t\t<div data-particle_enable=\"false\" data-particle-mobile-disabled=\"false\" class=\"elementor-element elementor-element-134df1a e-con-full e-flex e-con e-child\" data-id=\"134df1a\" data-element_type=\"container\" data-e-type=\"container\" data-settings=\"{&quot;jet_parallax_layout_list&quot;:[]}\">\n\t\t\t\t<div class=\"elementor-element elementor-element-cb601f5 elementor-widget elementor-widget-image\" data-id=\"cb601f5\" data-element_type=\"widget\" data-e-type=\"widget\" data-widget_type=\"image.default\">\n\t\t\t\t<div class=\"elementor-widget-container\">\n\t\t\t\t\t\t\t\t\t\t\t\t\t\t\t<img decoding=\"async\" width=\"200\" height=\"209\" src=\"https:\/\/mcecleanenergy.org\/wp-content\/uploads\/2022\/06\/bjoern-v2g-2.png\" class=\"attachment-full size-full wp-image-50689\" alt=\"\" srcset=\"https:\/\/mcecleanenergy.org\/wp-content\/uploads\/2022\/06\/bjoern-v2g-2.png 200w, https:\/\/mcecleanenergy.org\/wp-content\/uploads\/2022\/06\/bjoern-v2g-2-11x12.png 11w\" sizes=\"(max-width: 200px) 100vw, 200px\" \/>\t\t\t\t\t\t\t\t\t\t\t\t\t\t\t<\/div>\n\t\t\t\t<\/div>\n\t\t\t\t<div class=\"elementor-element elementor-element-d6500c1 elementor-widget elementor-widget-text-editor\" data-id=\"d6500c1\" data-element_type=\"widget\" data-e-type=\"widget\" data-widget_type=\"text-editor.default\">\n\t\t\t\t<div class=\"elementor-widget-container\">\n\t\t\t\t\t\t\t\t\t<p><strong>Bjoern Christensen<\/strong><\/p><p>Gr\u00fcnder und Gesch\u00e4ftsf\u00fchrer von Vehicle-Grid-Integration Advisory Company,\u00a0<a href=\"https:\/\/next-dimension.org\/\" target=\"_blank\" rel=\"noopener\">N\u00e4chste Dimension<\/a><\/p><p>\u00a0<\/p>\t\t\t\t\t\t\t\t<\/div>\n\t\t\t\t<\/div>\n\t\t\t\t<\/div>\n\t\t<div data-particle_enable=\"false\" data-particle-mobile-disabled=\"false\" class=\"elementor-element elementor-element-f4146f1 e-con-full e-flex e-con e-child\" data-id=\"f4146f1\" data-element_type=\"container\" data-e-type=\"container\" data-settings=\"{&quot;jet_parallax_layout_list&quot;:[]}\">\n\t\t\t\t<div class=\"elementor-element elementor-element-d699380 elementor-blockquote--align-left elementor-blockquote--skin-border elementor-widget elementor-widget-blockquote\" data-id=\"d699380\" data-element_type=\"widget\" data-e-type=\"widget\" data-widget_type=\"blockquote.default\">\n\t\t\t\t<div class=\"elementor-widget-container\">\n\t\t\t\t\t\t\t<blockquote class=\"elementor-blockquote\">\n\t\t\t<p class=\"elementor-blockquote__content\">\n\t\t\t\t\"Wir sehen, wie zwei riesige Industrien \u23af Elektrizit\u00e4t und Automobil \u23af in der so genannten Fahrzeugnetzintegration (VGI) aufeinander treffen. E-Fahrzeuge sind nicht mehr vom Netz getrennt, sondern werden Teil des Netzes, wenn sie \u00fcber eine Ladestation angeschlossen sind. Die V2G-Technologie erm\u00f6glicht es einem Elektrofahrzeug, Strom aus der Batterie in das Netz zu exportieren. In Kalifornien werden im Jahr 2030 5 Millionen E-Fahrzeuge unterwegs sein. Wenn diese E-Fahrzeuge alle V2G-f\u00e4hig w\u00e4ren, k\u00f6nnten sie genug Strom speichern, um den Nacken des Stromnetzes zu entlasten. <a>Entenkurve jeden Tag zwischen 16 und 21 Uhr, wenn ein Mangel an erneuerbarer Energie besteht. <br><br>\nDie V2G-Technologie wurde 1996 erfunden und gewinnt nun auf dem Markt betr\u00e4chtlich an Dynamik. Gro\u00dfe Erstausr\u00fcster wie Volkswagen und Renault bringen V2G-Fahrzeuge f\u00fcr ihr n\u00e4chstes Modelljahr auf den Markt. Die Hauptengp\u00e4sse f\u00fcr eine breite Durchdringung von V2G sind Vorschriften und Normen. Die Normen sind vorhanden, und die Vorschriften holen noch auf. Es wird noch 2-3 Jahre dauern, bis wir eine breite Einf\u00fchrung von V2G-Elektrofahrzeugen sehen werden.<\/a>\t\t\t<\/p>\n\t\t\t\t\t<\/blockquote>\n\t\t\t\t\t\t<\/div>\n\t\t\t\t<\/div>\n\t\t\t\t<\/div>\n\t\t\t\t\t<\/div>\n\t\t\t\t<\/div>\n\t\t<div data-particle_enable=\"false\" data-particle-mobile-disabled=\"false\" class=\"elementor-element elementor-element-3585418 e-flex e-con-boxed e-con e-child\" data-id=\"3585418\" data-element_type=\"container\" data-e-type=\"container\" data-settings=\"{&quot;jet_parallax_layout_list&quot;:[]}\">\n\t\t\t\t\t<div class=\"e-con-inner\">\n\t\t<div data-particle_enable=\"false\" data-particle-mobile-disabled=\"false\" class=\"elementor-element elementor-element-da5a820 e-con-full e-flex e-con e-child\" data-id=\"da5a820\" data-element_type=\"container\" data-e-type=\"container\" data-settings=\"{&quot;jet_parallax_layout_list&quot;:[]}\">\n\t\t\t\t<div class=\"elementor-element elementor-element-3d4cdda elementor-widget elementor-widget-image\" data-id=\"3d4cdda\" data-element_type=\"widget\" data-e-type=\"widget\" data-widget_type=\"image.default\">\n\t\t\t\t<div class=\"elementor-widget-container\">\n\t\t\t\t\t\t\t\t\t\t\t\t\t\t\t<img decoding=\"async\" width=\"200\" height=\"209\" src=\"https:\/\/mcecleanenergy.org\/wp-content\/uploads\/2022\/06\/aimee-v2g-2.png\" class=\"attachment-full size-full wp-image-50693\" alt=\"\" srcset=\"https:\/\/mcecleanenergy.org\/wp-content\/uploads\/2022\/06\/aimee-v2g-2.png 200w, https:\/\/mcecleanenergy.org\/wp-content\/uploads\/2022\/06\/aimee-v2g-2-11x12.png 11w\" sizes=\"(max-width: 200px) 100vw, 200px\" \/>\t\t\t\t\t\t\t\t\t\t\t\t\t\t\t<\/div>\n\t\t\t\t<\/div>\n\t\t\t\t<div class=\"elementor-element elementor-element-0f9d3dd elementor-widget elementor-widget-text-editor\" data-id=\"0f9d3dd\" data-element_type=\"widget\" data-e-type=\"widget\" data-widget_type=\"text-editor.default\">\n\t\t\t\t<div class=\"elementor-widget-container\">\n\t\t\t\t\t\t\t\t\t<p><strong>Aimee Gotway Bailey, PhD<\/strong><\/p><div class=\"fusion-text fusion-text-8\"><p>Direktor f\u00fcr Innovation und Portfoliomanagement bei\u00a0<a href=\"https:\/\/ngpartners.com\/\" target=\"_blank\" rel=\"noopener\">National Grid Partner<\/a><\/p><\/div>\t\t\t\t\t\t\t\t<\/div>\n\t\t\t\t<\/div>\n\t\t\t\t<\/div>\n\t\t<div data-particle_enable=\"false\" data-particle-mobile-disabled=\"false\" class=\"elementor-element elementor-element-8518216 e-con-full e-flex e-con e-child\" data-id=\"8518216\" data-element_type=\"container\" data-e-type=\"container\" data-settings=\"{&quot;jet_parallax_layout_list&quot;:[]}\">\n\t\t\t\t<div class=\"elementor-element elementor-element-1bbde32 elementor-blockquote--align-left elementor-blockquote--skin-border elementor-widget elementor-widget-blockquote\" data-id=\"1bbde32\" data-element_type=\"widget\" data-e-type=\"widget\" data-widget_type=\"blockquote.default\">\n\t\t\t\t<div class=\"elementor-widget-container\">\n\t\t\t\t\t\t\t<blockquote class=\"elementor-blockquote\">\n\t\t\t<p class=\"elementor-blockquote__content\">\n\t\t\t\t\"Die zunehmende H\u00e4ufigkeit und Intensit\u00e4t von Waldbr\u00e4nden und Stromausf\u00e4llen in Kalifornien haben die Notwendigkeit erh\u00f6ht, die Widerstandsf\u00e4higkeit unserer Haushalte und Unternehmen zu st\u00e4rken. V2X-L\u00f6sungen k\u00f6nnen die in den Batterien von Elektrofahrzeugen gespeicherte Energie nutzen, um Haushalte und Unternehmen bei Stromausf\u00e4llen zu versorgen und das Stromnetz zu stabilisieren. V2X-L\u00f6sungen werden f\u00fcr die Anpassung an den Klimawandel und die zunehmenden Wetterextreme von entscheidender Bedeutung sein. Obwohl die V2X-L\u00f6sungen noch im Entstehen begriffen sind, kommen sie schnell auf den Markt. In diesem Jahr werden neben Nissan auch Ford und Volkswagen serienm\u00e4\u00dfig Fahrzeugmodelle mit V2X-Funktionen anbieten, so dass 2022 ein richtungsweisendes, wenn nicht gar bahnbrechendes Jahr f\u00fcr die Branche sein wird.\"\t\t\t<\/p>\n\t\t\t\t\t<\/blockquote>\n\t\t\t\t\t\t<\/div>\n\t\t\t\t<\/div>\n\t\t\t\t<\/div>\n\t\t\t\t\t<\/div>\n\t\t\t\t<\/div>\n\t\t<div data-particle_enable=\"false\" data-particle-mobile-disabled=\"false\" class=\"elementor-element elementor-element-db5032f e-flex e-con-boxed e-con e-child\" data-id=\"db5032f\" data-element_type=\"container\" data-e-type=\"container\" data-settings=\"{&quot;jet_parallax_layout_list&quot;:[]}\">\n\t\t\t\t\t<div class=\"e-con-inner\">\n\t\t<div data-particle_enable=\"false\" data-particle-mobile-disabled=\"false\" class=\"elementor-element elementor-element-432b985 e-con-full e-flex e-con e-child\" data-id=\"432b985\" data-element_type=\"container\" data-e-type=\"container\" data-settings=\"{&quot;jet_parallax_layout_list&quot;:[]}\">\n\t\t\t\t<div class=\"elementor-element elementor-element-6ee9e3e elementor-widget elementor-widget-image\" data-id=\"6ee9e3e\" data-element_type=\"widget\" data-e-type=\"widget\" data-widget_type=\"image.default\">\n\t\t\t\t<div class=\"elementor-widget-container\">\n\t\t\t\t\t\t\t\t\t\t\t\t\t\t\t<img loading=\"lazy\" decoding=\"async\" width=\"200\" height=\"209\" src=\"https:\/\/mcecleanenergy.org\/wp-content\/uploads\/2022\/06\/jerry-v2g-2.png\" class=\"attachment-full size-full wp-image-50697\" alt=\"\" srcset=\"https:\/\/mcecleanenergy.org\/wp-content\/uploads\/2022\/06\/jerry-v2g-2.png 200w, https:\/\/mcecleanenergy.org\/wp-content\/uploads\/2022\/06\/jerry-v2g-2-11x12.png 11w\" sizes=\"(max-width: 200px) 100vw, 200px\" \/>\t\t\t\t\t\t\t\t\t\t\t\t\t\t\t<\/div>\n\t\t\t\t<\/div>\n\t\t\t\t<div class=\"elementor-element elementor-element-920eb17 elementor-widget elementor-widget-text-editor\" data-id=\"920eb17\" data-element_type=\"widget\" data-e-type=\"widget\" data-widget_type=\"text-editor.default\">\n\t\t\t\t<div class=\"elementor-widget-container\">\n\t\t\t\t\t\t\t\t\t<p><strong>Jerry Jackson<\/strong><\/p><div class=\"fusion-text fusion-text-8\">Pr\u00e4sident von Jackson Associates und Herausgeber von\u00a0<a href=\"https:\/\/www.maisy.com\/\" target=\"_blank\" rel=\"noopener\">MAISY-Utility-Datenbanken<\/a><\/div>\t\t\t\t\t\t\t\t<\/div>\n\t\t\t\t<\/div>\n\t\t\t\t<\/div>\n\t\t<div data-particle_enable=\"false\" data-particle-mobile-disabled=\"false\" class=\"elementor-element elementor-element-94b412d e-con-full e-flex e-con e-child\" data-id=\"94b412d\" data-element_type=\"container\" data-e-type=\"container\" data-settings=\"{&quot;jet_parallax_layout_list&quot;:[]}\">\n\t\t\t\t<div class=\"elementor-element elementor-element-b9dd757 elementor-blockquote--align-left elementor-blockquote--skin-border elementor-widget elementor-widget-blockquote\" data-id=\"b9dd757\" data-element_type=\"widget\" data-e-type=\"widget\" data-widget_type=\"blockquote.default\">\n\t\t\t\t<div class=\"elementor-widget-container\">\n\t\t\t\t\t\t\t<blockquote class=\"elementor-blockquote\">\n\t\t\t<p class=\"elementor-blockquote__content\">\n\t\t\t\t\"Der schnell wachsende Markt f\u00fcr Elektrofahrzeuge bietet ein enormes Potenzial f\u00fcr die V2G-Technologie zur Unterst\u00fctzung des Stromnetzes. Die Einspeisung von Strom aus Elektroauto-Batterien in das Netz zu Spitzenzeiten wird die Belastung des Stromnetzes verringern, die Emissionen reduzieren und m\u00f6glicherweise Blackouts und Stromausf\u00e4lle vermeiden.<br><br>\nIm Jahr 2019 haben wir eine Kosten-Nutzen-Studie unter Verwendung von Kundendaten des Energieversorgers Southern California Edison durchgef\u00fchrt. Die Studie zeigte, dass V2G den Spitzenstrombedarf um etwa 20% reduzieren k\u00f6nnte. Rabatte von Energieversorgern f\u00fcr vermiedene Spitzenstromkosten w\u00fcrden zu j\u00e4hrlichen Zahlungen von $560 an jeden Programmteilnehmer f\u00fchren. Au\u00dferdem m\u00fcssten nur etwa 10% der Kunden des Versorgungsunternehmens an dem Programm teilnehmen.<br><br>\n\nLeider befindet sich V2G immer noch im Stadium des Konzeptnachweises und einzelner Projekte. Bevor V2G in gr\u00f6\u00dferem Umfang eingesetzt werden kann, m\u00fcssen wir uns mit Fragen der Garantie f\u00fcr Elektroauto-Batterien, der Regulierung durch die Stromversorger, dem Fehlen der erforderlichen bidirektionalen Hardware und Ladeprotokolle sowie dem Mangel an Daten \u00fcber die potenzielle Verschlechterung der Batteriequalit\u00e4t befassen. Die L\u00f6sung dieser Probleme erfordert die Zusammenarbeit zwischen Automobilherstellern, Energieversorgern, Regulierungsbeh\u00f6rden und Anbietern von unterst\u00fctzenden Produkten wie Steuerungssoftware. Die aktuelle Energiekrise und die Sorge um den Klimawandel werden diese Zusammenarbeit zweifellos beschleunigen, so dass in einigen Jahren einige bemerkenswerte V2G-Anwendungen auf den Markt kommen werden.\"\t\t\t<\/p>\n\t\t\t\t\t<\/blockquote>\n\t\t\t\t\t\t<\/div>\n\t\t\t\t<\/div>\n\t\t\t\t<\/div>\n\t\t\t\t\t<\/div>\n\t\t\t\t<\/div>\n\t\t<div data-particle_enable=\"false\" data-particle-mobile-disabled=\"false\" class=\"elementor-element elementor-element-c1e0c41 e-flex e-con-boxed e-con e-child\" data-id=\"c1e0c41\" data-element_type=\"container\" data-e-type=\"container\" data-settings=\"{&quot;jet_parallax_layout_list&quot;:[]}\">\n\t\t\t\t\t<div class=\"e-con-inner\">\n\t\t<div data-particle_enable=\"false\" data-particle-mobile-disabled=\"false\" class=\"elementor-element elementor-element-74e3502 e-con-full e-flex e-con e-child\" data-id=\"74e3502\" data-element_type=\"container\" data-e-type=\"container\" data-settings=\"{&quot;jet_parallax_layout_list&quot;:[]}\">\n\t\t\t\t<div class=\"elementor-element elementor-element-a6e4502 elementor-widget elementor-widget-image\" data-id=\"a6e4502\" data-element_type=\"widget\" data-e-type=\"widget\" data-widget_type=\"image.default\">\n\t\t\t\t<div class=\"elementor-widget-container\">\n\t\t\t\t\t\t\t\t\t\t\t\t\t\t\t<img loading=\"lazy\" decoding=\"async\" width=\"200\" height=\"209\" src=\"https:\/\/mcecleanenergy.org\/wp-content\/uploads\/2022\/06\/alan-v2g-2.png\" class=\"attachment-full size-full wp-image-50704\" alt=\"\" srcset=\"https:\/\/mcecleanenergy.org\/wp-content\/uploads\/2022\/06\/alan-v2g-2.png 200w, https:\/\/mcecleanenergy.org\/wp-content\/uploads\/2022\/06\/alan-v2g-2-11x12.png 11w\" sizes=\"(max-width: 200px) 100vw, 200px\" \/>\t\t\t\t\t\t\t\t\t\t\t\t\t\t\t<\/div>\n\t\t\t\t<\/div>\n\t\t\t\t<div class=\"elementor-element elementor-element-6467696 elementor-widget elementor-widget-text-editor\" data-id=\"6467696\" data-element_type=\"widget\" data-e-type=\"widget\" data-widget_type=\"text-editor.default\">\n\t\t\t\t<div class=\"elementor-widget-container\">\n\t\t\t\t\t\t\t\t\t<p><strong>Alan Jenn<\/strong><\/p><div class=\"fusion-text fusion-text-12\"><p>Stellvertretender Direktor der\u00a0<a href=\"https:\/\/its.ucdavis.edu\/\" target=\"_blank\" rel=\"noopener\">Institut f\u00fcr Verkehrsstudien<\/a>\u00a0an der Universit\u00e4t von Kalifornien, Davis<\/p><\/div>\t\t\t\t\t\t\t\t<\/div>\n\t\t\t\t<\/div>\n\t\t\t\t<\/div>\n\t\t<div data-particle_enable=\"false\" data-particle-mobile-disabled=\"false\" class=\"elementor-element elementor-element-48ee2f1 e-con-full e-flex e-con e-child\" data-id=\"48ee2f1\" data-element_type=\"container\" data-e-type=\"container\" data-settings=\"{&quot;jet_parallax_layout_list&quot;:[]}\">\n\t\t\t\t<div class=\"elementor-element elementor-element-bf72292 elementor-blockquote--align-left elementor-blockquote--skin-border elementor-widget elementor-widget-blockquote\" data-id=\"bf72292\" data-element_type=\"widget\" data-e-type=\"widget\" data-widget_type=\"blockquote.default\">\n\t\t\t\t<div class=\"elementor-widget-container\">\n\t\t\t\t\t\t\t<blockquote class=\"elementor-blockquote\">\n\t\t\t<p class=\"elementor-blockquote__content\">\n\t\t\t\t\"Die V2G-Technologie wird mit der zunehmenden Verbreitung von Elektrofahrzeugen eine immer bedeutendere Ressource darstellen. Allein in Kalifornien wird die Menge an potenziellen Speicherressourcen bis 2030 250 Gigawattstunden Kapazit\u00e4t \u00fcbersteigen. Auch wenn die Batterien von Elektrofahrzeugen nicht in der gleichen Weise genutzt werden k\u00f6nnen wie herk\u00f6mmliche Netzspeicher, so bieten sie doch ein enormes Potenzial zur Unterst\u00fctzung des Netzes. W\u00e4hrend sich viele auf die F\u00e4higkeit von V2G konzentrieren, die Integration von erneuerbaren Energien und die Stabilit\u00e4t der Spitzennachfrage f\u00fcr die Gro\u00dfhandelserzeugung zu unterst\u00fctzen, sollte die F\u00e4higkeit von V2G, die lokale Verteilungsinfrastruktur zu entsch\u00e4rfen, nicht \u00fcbersehen werden. Diese Technologie kann der Gesellschaft enorme Einsparungen bringen.\"\t\t\t<\/p>\n\t\t\t\t\t<\/blockquote>\n\t\t\t\t\t\t<\/div>\n\t\t\t\t<\/div>\n\t\t\t\t<\/div>\n\t\t\t\t\t<\/div>\n\t\t\t\t<\/div>\n\t\t<div data-particle_enable=\"false\" data-particle-mobile-disabled=\"false\" class=\"elementor-element elementor-element-0c08803 e-flex e-con-boxed e-con e-child\" data-id=\"0c08803\" data-element_type=\"container\" data-e-type=\"container\" data-settings=\"{&quot;jet_parallax_layout_list&quot;:[]}\">\n\t\t\t\t\t<div class=\"e-con-inner\">\n\t\t<div data-particle_enable=\"false\" data-particle-mobile-disabled=\"false\" class=\"elementor-element elementor-element-a759491 e-con-full e-flex e-con e-child\" data-id=\"a759491\" data-element_type=\"container\" data-e-type=\"container\" data-settings=\"{&quot;jet_parallax_layout_list&quot;:[]}\">\n\t\t\t\t<div class=\"elementor-element elementor-element-fe03bca elementor-widget elementor-widget-image\" data-id=\"fe03bca\" data-element_type=\"widget\" data-e-type=\"widget\" data-widget_type=\"image.default\">\n\t\t\t\t<div class=\"elementor-widget-container\">\n\t\t\t\t\t\t\t\t\t\t\t\t\t\t\t<img loading=\"lazy\" decoding=\"async\" width=\"200\" height=\"209\" src=\"https:\/\/mcecleanenergy.org\/wp-content\/uploads\/2022\/06\/kenneth-v2g-2.png\" class=\"attachment-full size-full wp-image-50708\" alt=\"\" srcset=\"https:\/\/mcecleanenergy.org\/wp-content\/uploads\/2022\/06\/kenneth-v2g-2.png 200w, https:\/\/mcecleanenergy.org\/wp-content\/uploads\/2022\/06\/kenneth-v2g-2-11x12.png 11w\" sizes=\"(max-width: 200px) 100vw, 200px\" \/>\t\t\t\t\t\t\t\t\t\t\t\t\t\t\t<\/div>\n\t\t\t\t<\/div>\n\t\t\t\t<div class=\"elementor-element elementor-element-68d86a6 elementor-widget elementor-widget-text-editor\" data-id=\"68d86a6\" data-element_type=\"widget\" data-e-type=\"widget\" data-widget_type=\"text-editor.default\">\n\t\t\t\t<div class=\"elementor-widget-container\">\n\t\t\t\t\t\t\t\t\t<p><strong>Kenneth Bokor<\/strong><\/p><div class=\"fusion-text fusion-text-12\"><p>Produzent und Moderator von\u00a0<a href=\"https:\/\/www.evrevolutionshow.com\/\" target=\"_blank\" rel=\"noopener\">EV Revolution Show<\/a><\/p><\/div>\t\t\t\t\t\t\t\t<\/div>\n\t\t\t\t<\/div>\n\t\t\t\t<\/div>\n\t\t<div data-particle_enable=\"false\" data-particle-mobile-disabled=\"false\" class=\"elementor-element elementor-element-81b32c2 e-con-full e-flex e-con e-child\" data-id=\"81b32c2\" data-element_type=\"container\" data-e-type=\"container\" data-settings=\"{&quot;jet_parallax_layout_list&quot;:[]}\">\n\t\t\t\t<div class=\"elementor-element elementor-element-2cf5638 elementor-blockquote--align-left elementor-blockquote--skin-border elementor-widget elementor-widget-blockquote\" data-id=\"2cf5638\" data-element_type=\"widget\" data-e-type=\"widget\" data-widget_type=\"blockquote.default\">\n\t\t\t\t<div class=\"elementor-widget-container\">\n\t\t\t\t\t\t\t<blockquote class=\"elementor-blockquote\">\n\t\t\t<p class=\"elementor-blockquote__content\">\n\t\t\t\t\"Die V2G-Technologie erm\u00f6glicht es den Besitzern von E-Fahrzeugen, ihr lokales Stromnetz bei Bedarf zu unterst\u00fctzen, z. B. in Zeiten von Nachfragespitzen. Diese Unterst\u00fctzung reduziert die Bedenken \u00fcber Netz\u00fcberlastungen, Stromausf\u00e4lle und Stromausf\u00e4lle und maximiert den wirtschaftlichen Nutzen von E-Fahrzeugen, indem sie finanzielle Belohnungen f\u00fcr die Nutzung des Netzes bietet. V2G bietet eine kosteng\u00fcnstige und schnelle Energiespeicherung, indem es vorhandene Ressourcen nutzt und so m\u00f6gliche Umweltauswirkungen durch die Schaffung zus\u00e4tzlicher Speicherl\u00f6sungen reduziert.<br><br>\n\nEin gro\u00dfer technischer Nachteil des V2G-Betriebs ist derzeit die Verschlechterung der Batterieleistung des Fahrzeugs aufgrund der hohen Anzahl m\u00f6glicher Lade-\/Entladezyklen. Daher bieten die meisten Elektroautohersteller keine Garantien f\u00fcr den V2G-Betrieb an und bauen keine bidirektionalen Stromversorgungsfunktionen in batteriebetriebene Elektrofahrzeuge ein. Die Verbraucher werden diese Funktion nicht nutzen wollen, wenn sie nicht durch die Garantie der Fahrzeugbatterie abgedeckt ist. <br><br>\n\nTrotz des Interesses von Verbrauchern und Energieversorgern befindet sich diese Strategie noch im Anfangsstadium. Aktuelle Untersuchungen zeigen, dass etwa 45% der US-Haushalte bis 2050 aktiv V2G-Dienste anbieten k\u00f6nnten. Andere L\u00e4nder auf der ganzen Welt k\u00f6nnten diese M\u00f6glichkeit schon fr\u00fcher anbieten. In diesem globalen Ma\u00dfstab haben wir jedoch noch einen weiten Weg vor uns, und es k\u00f6nnte noch ein oder zwei Jahrzehnte dauern, bis sich diese Technologie durchsetzt.\"\t\t\t<\/p>\n\t\t\t\t\t<\/blockquote>\n\t\t\t\t\t\t<\/div>\n\t\t\t\t<\/div>\n\t\t\t\t<\/div>\n\t\t\t\t\t<\/div>\n\t\t\t\t<\/div>\n\t\t<div data-particle_enable=\"false\" data-particle-mobile-disabled=\"false\" class=\"elementor-element elementor-element-1a4b85b e-flex e-con-boxed e-con e-child\" data-id=\"1a4b85b\" data-element_type=\"container\" data-e-type=\"container\" data-settings=\"{&quot;jet_parallax_layout_list&quot;:[]}\">\n\t\t\t\t\t<div class=\"e-con-inner\">\n\t\t<div data-particle_enable=\"false\" data-particle-mobile-disabled=\"false\" class=\"elementor-element elementor-element-e9ada34 e-con-full e-flex e-con e-child\" data-id=\"e9ada34\" data-element_type=\"container\" data-e-type=\"container\" data-settings=\"{&quot;jet_parallax_layout_list&quot;:[]}\">\n\t\t\t\t<div class=\"elementor-element elementor-element-f449f40 elementor-widget elementor-widget-image\" data-id=\"f449f40\" data-element_type=\"widget\" data-e-type=\"widget\" data-widget_type=\"image.default\">\n\t\t\t\t<div class=\"elementor-widget-container\">\n\t\t\t\t\t\t\t\t\t\t\t\t\t\t\t<img loading=\"lazy\" decoding=\"async\" width=\"200\" height=\"209\" src=\"https:\/\/mcecleanenergy.org\/wp-content\/uploads\/2022\/06\/joseph-v2g-2.png\" class=\"attachment-full size-full wp-image-50712\" alt=\"\" srcset=\"https:\/\/mcecleanenergy.org\/wp-content\/uploads\/2022\/06\/joseph-v2g-2.png 200w, https:\/\/mcecleanenergy.org\/wp-content\/uploads\/2022\/06\/joseph-v2g-2-11x12.png 11w\" sizes=\"(max-width: 200px) 100vw, 200px\" \/>\t\t\t\t\t\t\t\t\t\t\t\t\t\t\t<\/div>\n\t\t\t\t<\/div>\n\t\t\t\t<div class=\"elementor-element elementor-element-d0be219 elementor-widget elementor-widget-text-editor\" data-id=\"d0be219\" data-element_type=\"widget\" data-e-type=\"widget\" data-widget_type=\"text-editor.default\">\n\t\t\t\t<div class=\"elementor-widget-container\">\n\t\t\t\t\t\t\t\t\t<p><strong>Joseph Vellone<\/strong><\/p><div class=\"fusion-text fusion-text-12\">Leiter der Abteilung Nordamerika bei\u00a0<a href=\"https:\/\/ev.energy\/\" target=\"_blank\" rel=\"noopener\">ev.energie<\/a><\/div>\t\t\t\t\t\t\t\t<\/div>\n\t\t\t\t<\/div>\n\t\t\t\t<\/div>\n\t\t<div data-particle_enable=\"false\" data-particle-mobile-disabled=\"false\" class=\"elementor-element elementor-element-0394264 e-con-full e-flex e-con e-child\" data-id=\"0394264\" data-element_type=\"container\" data-e-type=\"container\" data-settings=\"{&quot;jet_parallax_layout_list&quot;:[]}\">\n\t\t\t\t<div class=\"elementor-element elementor-element-651ce36 elementor-blockquote--align-left elementor-blockquote--skin-border elementor-widget elementor-widget-blockquote\" data-id=\"651ce36\" data-element_type=\"widget\" data-e-type=\"widget\" data-widget_type=\"blockquote.default\">\n\t\t\t\t<div class=\"elementor-widget-container\">\n\t\t\t\t\t\t\t<blockquote class=\"elementor-blockquote\">\n\t\t\t<p class=\"elementor-blockquote__content\">\n\t\t\t\t\"Bei ev.energy denken wir nicht nur \u00fcber V2G nach. Wir denken \u00fcber Fahrzeug-zu-Alles nach. Nutzfahrzeuge mit gro\u00dfen Batterien k\u00f6nnen entladen werden, um das Netz in Zeiten von Nachfragespitzen zu stabilisieren. Diese Technologie hat sich bew\u00e4hrt und ist bereit f\u00fcr den Ausbau. Wir sprechen t\u00e4glich mit Dutzenden von Privatkunden, die sich Gedanken \u00fcber die Widerstandsf\u00e4higkeit ihrer Haushalte gegen Stromausf\u00e4lle machen und ihr Elektrofahrzeug vor einem Sturm oder einer geplanten Stromabschaltung aufladen m\u00f6chten, um diese Reservestromversorgung sp\u00e4ter f\u00fcr ihre Haushalte oder Ger\u00e4te zu nutzen. Beim bidirektionalen Laden gibt es noch viel zu tun, z. B. die Kompatibilit\u00e4t der Hardware und die Frage, wie wir die Fahrer von Elektrofahrzeugen in die Lage versetzen k\u00f6nnen, die Ladung zu \u00fcbernehmen.\t\t\t<\/p>\n\t\t\t\t\t<\/blockquote>\n\t\t\t\t\t\t<\/div>\n\t\t\t\t<\/div>\n\t\t\t\t<\/div>\n\t\t\t\t\t<\/div>\n\t\t\t\t<\/div>\n\t\t\t\t<div class=\"elementor-element elementor-element-3c3425d elementor-widget elementor-widget-text-editor\" data-id=\"3c3425d\" data-element_type=\"widget\" data-e-type=\"widget\" data-widget_type=\"text-editor.default\">\n\t\t\t\t<div class=\"elementor-widget-container\">\n\t\t\t\t\t\t\t\t\t<h2>Wie unterst\u00fctzt MCE die Integration von Fahrzeug und Netz?<\/h2><p>MCE hat k\u00fcrzlich in Zusammenarbeit mit ev.energy MCE Sync entwickelt, eine App, die Fahrer von Elektrofahrzeugen mit intelligenten Ladem\u00f6glichkeiten verbindet, ohne dass spezielle Hardware ben\u00f6tigt wird. MCE Sync stimmt das Laden von E-Fahrzeugen automatisch auf kohlenstoffarmen Strom ab, moduliert das Laden, um die Zuverl\u00e4ssigkeit des Stromnetzes zu unterst\u00fctzen, und stellt sicher, dass das Fahrzeug des Fahrers zu der von ihm in der App angegebenen Zeit vollst\u00e4ndig geladen ist. MCE Sync ist Teil des MCE-Programms f\u00fcr Elektroautos, das auch Rabatte f\u00fcr einkommensstarke Fahrer und Ladeger\u00e4te f\u00fcr Mehrfamilienh\u00e4user und Arbeitspl\u00e4tze umfasst. Finden Sie heraus, ob Ihr Elektrofahrzeug oder Ladeger\u00e4t f\u00fcr die MCE Sync-App in Frage kommt.<\/p>\t\t\t\t\t\t\t\t<\/div>\n\t\t\t\t<\/div>\n\t\t\t\t\t<\/div>\n\t\t\t\t<\/div>\n\t\t\t\t<\/div>","protected":false},"excerpt":{"rendered":"<p>Matching electricity supply and demand throughout the day is an essential consideration in the transition to 100% renewable energy. Leading clean energy sources such as solar and wind are intermittent [&hellip;]<\/p>\n","protected":false},"author":2,"featured_media":40351,"comment_status":"open","ping_status":"open","sticky":false,"template":"elementor_theme","format":"standard","meta":{"_acf_changed":false,"_searchwp_excluded":"","footnotes":""},"categories":[824,825],"tags":[],"class_list":["post-40350","post","type-post","status-publish","format-standard","has-post-thumbnail","hentry","category-clean-energy","category-clean-transportation"],"acf":[],"yoast_head":"<!-- This site is optimized with the Yoast SEO Premium plugin v27.4 (Yoast SEO v27.4) - https:\/\/yoast.com\/product\/yoast-seo-premium-wordpress\/ -->\n<title>How Will Vehicle-to-Grid Technology Shape Our Energy Future? - MCE Blog<\/title>\n<meta name=\"robots\" content=\"index, follow, max-snippet:-1, max-image-preview:large, max-video-preview:-1\" \/>\n<link rel=\"canonical\" href=\"https:\/\/mcecleanenergy.org\/de\/how-will-vehicle-to-grid-technology-shape-our-energy-future\/\" \/>\n<meta property=\"og:locale\" content=\"de_DE\" \/>\n<meta property=\"og:type\" content=\"article\" \/>\n<meta property=\"og:title\" content=\"How Will Vehicle-to-Grid Technology Shape Our Energy Future?\" \/>\n<meta property=\"og:description\" content=\"Matching electricity supply and demand throughout the day is an essential consideration in the transition to 100% renewable energy. Leading clean energy\" \/>\n<meta property=\"og:url\" content=\"https:\/\/mcecleanenergy.org\/de\/how-will-vehicle-to-grid-technology-shape-our-energy-future\/\" \/>\n<meta property=\"og:site_name\" content=\"MCE \u2013 Community Choice Energy\" \/>\n<meta property=\"article:publisher\" content=\"https:\/\/www.facebook.com\/mceCleanEnergy\/\" \/>\n<meta property=\"article:published_time\" content=\"2022-06-23T16:59:48+00:00\" \/>\n<meta property=\"article:modified_time\" content=\"2024-06-17T01:57:32+00:00\" \/>\n<meta property=\"og:image\" content=\"https:\/\/mcecleanenergy.org\/wp-content\/uploads\/2024\/05\/expert-roundup-v2g.png\" \/>\n\t<meta property=\"og:image:width\" content=\"1100\" \/>\n\t<meta property=\"og:image:height\" content=\"440\" \/>\n\t<meta property=\"og:image:type\" content=\"image\/png\" \/>\n<meta name=\"author\" content=\"Rohan\" \/>\n<meta name=\"twitter:card\" content=\"summary_large_image\" \/>\n<meta name=\"twitter:creator\" content=\"@MCECleanEnergy\" \/>\n<meta name=\"twitter:site\" content=\"@MCECleanEnergy\" \/>\n<meta name=\"twitter:label1\" content=\"Verfasst von\" \/>\n\t<meta name=\"twitter:data1\" content=\"Rohan\" \/>\n\t<meta name=\"twitter:label2\" content=\"Gesch\u00e4tzte Lesezeit\" \/>\n\t<meta name=\"twitter:data2\" content=\"4\u00a0Minuten\" \/>\n<script type=\"application\/ld+json\" class=\"yoast-schema-graph\">{\"@context\":\"https:\\\/\\\/schema.org\",\"@graph\":[{\"@type\":\"Article\",\"@id\":\"https:\\\/\\\/mcecleanenergy.org\\\/how-will-vehicle-to-grid-technology-shape-our-energy-future\\\/#article\",\"isPartOf\":{\"@id\":\"https:\\\/\\\/mcecleanenergy.org\\\/how-will-vehicle-to-grid-technology-shape-our-energy-future\\\/\"},\"author\":{\"name\":\"Rohan\",\"@id\":\"https:\\\/\\\/mcecleanenergy.org\\\/#\\\/schema\\\/person\\\/8ce2f62799413aaa2b6868dc9b471748\"},\"headline\":\"How Will Vehicle-to-Grid Technology Shape Our Energy Future?\",\"datePublished\":\"2022-06-23T16:59:48+00:00\",\"dateModified\":\"2024-06-17T01:57:32+00:00\",\"mainEntityOfPage\":{\"@id\":\"https:\\\/\\\/mcecleanenergy.org\\\/how-will-vehicle-to-grid-technology-shape-our-energy-future\\\/\"},\"wordCount\":1713,\"commentCount\":0,\"publisher\":{\"@id\":\"https:\\\/\\\/mcecleanenergy.org\\\/#organization\"},\"image\":{\"@id\":\"https:\\\/\\\/mcecleanenergy.org\\\/how-will-vehicle-to-grid-technology-shape-our-energy-future\\\/#primaryimage\"},\"thumbnailUrl\":\"https:\\\/\\\/mcecleanenergy.org\\\/wp-content\\\/uploads\\\/2024\\\/05\\\/expert-roundup-v2g.png\",\"articleSection\":[\"Clean Energy\",\"Clean Transportation\"],\"inLanguage\":\"de\",\"potentialAction\":[{\"@type\":\"CommentAction\",\"name\":\"Comment\",\"target\":[\"https:\\\/\\\/mcecleanenergy.org\\\/how-will-vehicle-to-grid-technology-shape-our-energy-future\\\/#respond\"]}]},{\"@type\":\"WebPage\",\"@id\":\"https:\\\/\\\/mcecleanenergy.org\\\/how-will-vehicle-to-grid-technology-shape-our-energy-future\\\/\",\"url\":\"https:\\\/\\\/mcecleanenergy.org\\\/how-will-vehicle-to-grid-technology-shape-our-energy-future\\\/\",\"name\":\"How Will Vehicle-to-Grid Technology Shape Our Energy Future? - MCE Blog\",\"isPartOf\":{\"@id\":\"https:\\\/\\\/mcecleanenergy.org\\\/#website\"},\"primaryImageOfPage\":{\"@id\":\"https:\\\/\\\/mcecleanenergy.org\\\/how-will-vehicle-to-grid-technology-shape-our-energy-future\\\/#primaryimage\"},\"image\":{\"@id\":\"https:\\\/\\\/mcecleanenergy.org\\\/how-will-vehicle-to-grid-technology-shape-our-energy-future\\\/#primaryimage\"},\"thumbnailUrl\":\"https:\\\/\\\/mcecleanenergy.org\\\/wp-content\\\/uploads\\\/2024\\\/05\\\/expert-roundup-v2g.png\",\"datePublished\":\"2022-06-23T16:59:48+00:00\",\"dateModified\":\"2024-06-17T01:57:32+00:00\",\"breadcrumb\":{\"@id\":\"https:\\\/\\\/mcecleanenergy.org\\\/how-will-vehicle-to-grid-technology-shape-our-energy-future\\\/#breadcrumb\"},\"inLanguage\":\"de\",\"potentialAction\":[{\"@type\":\"ReadAction\",\"target\":[\"https:\\\/\\\/mcecleanenergy.org\\\/how-will-vehicle-to-grid-technology-shape-our-energy-future\\\/\"]}]},{\"@type\":\"ImageObject\",\"inLanguage\":\"de\",\"@id\":\"https:\\\/\\\/mcecleanenergy.org\\\/how-will-vehicle-to-grid-technology-shape-our-energy-future\\\/#primaryimage\",\"url\":\"https:\\\/\\\/mcecleanenergy.org\\\/wp-content\\\/uploads\\\/2024\\\/05\\\/expert-roundup-v2g.png\",\"contentUrl\":\"https:\\\/\\\/mcecleanenergy.org\\\/wp-content\\\/uploads\\\/2024\\\/05\\\/expert-roundup-v2g.png\",\"width\":1100,\"height\":440},{\"@type\":\"BreadcrumbList\",\"@id\":\"https:\\\/\\\/mcecleanenergy.org\\\/how-will-vehicle-to-grid-technology-shape-our-energy-future\\\/#breadcrumb\",\"itemListElement\":[{\"@type\":\"ListItem\",\"position\":1,\"name\":\"Home\",\"item\":\"https:\\\/\\\/mcecleanenergy.org\\\/\"},{\"@type\":\"ListItem\",\"position\":2,\"name\":\"How Will Vehicle-to-Grid Technology Shape Our Energy Future?\"}]},{\"@type\":\"WebSite\",\"@id\":\"https:\\\/\\\/mcecleanenergy.org\\\/#website\",\"url\":\"https:\\\/\\\/mcecleanenergy.org\\\/\",\"name\":\"MCE \u2013 Community Choice Energy\",\"description\":\"\",\"publisher\":{\"@id\":\"https:\\\/\\\/mcecleanenergy.org\\\/#organization\"},\"potentialAction\":[{\"@type\":\"SearchAction\",\"target\":{\"@type\":\"EntryPoint\",\"urlTemplate\":\"https:\\\/\\\/mcecleanenergy.org\\\/?s={search_term_string}\"},\"query-input\":{\"@type\":\"PropertyValueSpecification\",\"valueRequired\":true,\"valueName\":\"search_term_string\"}}],\"inLanguage\":\"de\"},{\"@type\":\"Organization\",\"@id\":\"https:\\\/\\\/mcecleanenergy.org\\\/#organization\",\"name\":\"MCE\",\"url\":\"https:\\\/\\\/mcecleanenergy.org\\\/\",\"logo\":{\"@type\":\"ImageObject\",\"inLanguage\":\"de\",\"@id\":\"https:\\\/\\\/mcecleanenergy.org\\\/#\\\/schema\\\/logo\\\/image\\\/\",\"url\":\"https:\\\/\\\/mcecleanenergy.org\\\/wp-content\\\/uploads\\\/2024\\\/05\\\/MCE_Logo_Full-Color_RGB_050324.png\",\"contentUrl\":\"https:\\\/\\\/mcecleanenergy.org\\\/wp-content\\\/uploads\\\/2024\\\/05\\\/MCE_Logo_Full-Color_RGB_050324.png\",\"width\":5001,\"height\":2986,\"caption\":\"MCE\"},\"image\":{\"@id\":\"https:\\\/\\\/mcecleanenergy.org\\\/#\\\/schema\\\/logo\\\/image\\\/\"},\"sameAs\":[\"https:\\\/\\\/www.facebook.com\\\/mceCleanEnergy\\\/\",\"https:\\\/\\\/x.com\\\/MCECleanEnergy\",\"https:\\\/\\\/www.instagram.com\\\/mcecleanenergy\\\/\",\"https:\\\/\\\/www.linkedin.com\\\/company\\\/mcecleanenergy\\\/\",\"https:\\\/\\\/www.youtube.com\\\/c\\\/Mcecleanenergy\\\/\",\"https:\\\/\\\/en.wikipedia.org\\\/wiki\\\/Community_Choice_Aggregation#Marin_Clean_Energy\"]},{\"@type\":\"Person\",\"@id\":\"https:\\\/\\\/mcecleanenergy.org\\\/#\\\/schema\\\/person\\\/8ce2f62799413aaa2b6868dc9b471748\",\"name\":\"Rohan\",\"image\":{\"@type\":\"ImageObject\",\"inLanguage\":\"de\",\"@id\":\"https:\\\/\\\/secure.gravatar.com\\\/avatar\\\/08c0249ed3a34e3695a3cb94fc48aa840d636d2ba6af19ac1dd65e5303c3c992?s=96&d=mm&r=g\",\"url\":\"https:\\\/\\\/secure.gravatar.com\\\/avatar\\\/08c0249ed3a34e3695a3cb94fc48aa840d636d2ba6af19ac1dd65e5303c3c992?s=96&d=mm&r=g\",\"contentUrl\":\"https:\\\/\\\/secure.gravatar.com\\\/avatar\\\/08c0249ed3a34e3695a3cb94fc48aa840d636d2ba6af19ac1dd65e5303c3c992?s=96&d=mm&r=g\",\"caption\":\"Rohan\"},\"url\":\"https:\\\/\\\/mcecleanenergy.org\\\/de\\\/author\\\/rohan\\\/\"}]}<\/script>\n<!-- \/ Yoast SEO Premium plugin. -->","yoast_head_json":{"title":"How Will Vehicle-to-Grid Technology Shape Our Energy Future? - MCE Blog","robots":{"index":"index","follow":"follow","max-snippet":"max-snippet:-1","max-image-preview":"max-image-preview:large","max-video-preview":"max-video-preview:-1"},"canonical":"https:\/\/mcecleanenergy.org\/de\/how-will-vehicle-to-grid-technology-shape-our-energy-future\/","og_locale":"de_DE","og_type":"article","og_title":"How Will Vehicle-to-Grid Technology Shape Our Energy Future?","og_description":"Matching electricity supply and demand throughout the day is an essential consideration in the transition to 100% renewable energy. Leading clean energy","og_url":"https:\/\/mcecleanenergy.org\/de\/how-will-vehicle-to-grid-technology-shape-our-energy-future\/","og_site_name":"MCE \u2013 Community Choice Energy","article_publisher":"https:\/\/www.facebook.com\/mceCleanEnergy\/","article_published_time":"2022-06-23T16:59:48+00:00","article_modified_time":"2024-06-17T01:57:32+00:00","og_image":[{"width":1100,"height":440,"url":"https:\/\/mcecleanenergy.org\/wp-content\/uploads\/2024\/05\/expert-roundup-v2g.png","type":"image\/png"}],"author":"Rohan","twitter_card":"summary_large_image","twitter_creator":"@MCECleanEnergy","twitter_site":"@MCECleanEnergy","twitter_misc":{"Verfasst von":"Rohan","Gesch\u00e4tzte Lesezeit":"4\u00a0Minuten"},"schema":{"@context":"https:\/\/schema.org","@graph":[{"@type":"Article","@id":"https:\/\/mcecleanenergy.org\/how-will-vehicle-to-grid-technology-shape-our-energy-future\/#article","isPartOf":{"@id":"https:\/\/mcecleanenergy.org\/how-will-vehicle-to-grid-technology-shape-our-energy-future\/"},"author":{"name":"Rohan","@id":"https:\/\/mcecleanenergy.org\/#\/schema\/person\/8ce2f62799413aaa2b6868dc9b471748"},"headline":"How Will Vehicle-to-Grid Technology Shape Our Energy Future?","datePublished":"2022-06-23T16:59:48+00:00","dateModified":"2024-06-17T01:57:32+00:00","mainEntityOfPage":{"@id":"https:\/\/mcecleanenergy.org\/how-will-vehicle-to-grid-technology-shape-our-energy-future\/"},"wordCount":1713,"commentCount":0,"publisher":{"@id":"https:\/\/mcecleanenergy.org\/#organization"},"image":{"@id":"https:\/\/mcecleanenergy.org\/how-will-vehicle-to-grid-technology-shape-our-energy-future\/#primaryimage"},"thumbnailUrl":"https:\/\/mcecleanenergy.org\/wp-content\/uploads\/2024\/05\/expert-roundup-v2g.png","articleSection":["Clean Energy","Clean Transportation"],"inLanguage":"de","potentialAction":[{"@type":"CommentAction","name":"Comment","target":["https:\/\/mcecleanenergy.org\/how-will-vehicle-to-grid-technology-shape-our-energy-future\/#respond"]}]},{"@type":"WebPage","@id":"https:\/\/mcecleanenergy.org\/how-will-vehicle-to-grid-technology-shape-our-energy-future\/","url":"https:\/\/mcecleanenergy.org\/how-will-vehicle-to-grid-technology-shape-our-energy-future\/","name":"How Will Vehicle-to-Grid Technology Shape Our Energy Future? - MCE Blog","isPartOf":{"@id":"https:\/\/mcecleanenergy.org\/#website"},"primaryImageOfPage":{"@id":"https:\/\/mcecleanenergy.org\/how-will-vehicle-to-grid-technology-shape-our-energy-future\/#primaryimage"},"image":{"@id":"https:\/\/mcecleanenergy.org\/how-will-vehicle-to-grid-technology-shape-our-energy-future\/#primaryimage"},"thumbnailUrl":"https:\/\/mcecleanenergy.org\/wp-content\/uploads\/2024\/05\/expert-roundup-v2g.png","datePublished":"2022-06-23T16:59:48+00:00","dateModified":"2024-06-17T01:57:32+00:00","breadcrumb":{"@id":"https:\/\/mcecleanenergy.org\/how-will-vehicle-to-grid-technology-shape-our-energy-future\/#breadcrumb"},"inLanguage":"de","potentialAction":[{"@type":"ReadAction","target":["https:\/\/mcecleanenergy.org\/how-will-vehicle-to-grid-technology-shape-our-energy-future\/"]}]},{"@type":"ImageObject","inLanguage":"de","@id":"https:\/\/mcecleanenergy.org\/how-will-vehicle-to-grid-technology-shape-our-energy-future\/#primaryimage","url":"https:\/\/mcecleanenergy.org\/wp-content\/uploads\/2024\/05\/expert-roundup-v2g.png","contentUrl":"https:\/\/mcecleanenergy.org\/wp-content\/uploads\/2024\/05\/expert-roundup-v2g.png","width":1100,"height":440},{"@type":"BreadcrumbList","@id":"https:\/\/mcecleanenergy.org\/how-will-vehicle-to-grid-technology-shape-our-energy-future\/#breadcrumb","itemListElement":[{"@type":"ListItem","position":1,"name":"Home","item":"https:\/\/mcecleanenergy.org\/"},{"@type":"ListItem","position":2,"name":"How Will Vehicle-to-Grid Technology Shape Our Energy Future?"}]},{"@type":"WebSite","@id":"https:\/\/mcecleanenergy.org\/#website","url":"https:\/\/mcecleanenergy.org\/","name":"MCE - Energie nach Wahl der Gemeinde","description":"","publisher":{"@id":"https:\/\/mcecleanenergy.org\/#organization"},"potentialAction":[{"@type":"SearchAction","target":{"@type":"EntryPoint","urlTemplate":"https:\/\/mcecleanenergy.org\/?s={search_term_string}"},"query-input":{"@type":"PropertyValueSpecification","valueRequired":true,"valueName":"search_term_string"}}],"inLanguage":"de"},{"@type":"Organization","@id":"https:\/\/mcecleanenergy.org\/#organization","name":"MCE","url":"https:\/\/mcecleanenergy.org\/","logo":{"@type":"ImageObject","inLanguage":"de","@id":"https:\/\/mcecleanenergy.org\/#\/schema\/logo\/image\/","url":"https:\/\/mcecleanenergy.org\/wp-content\/uploads\/2024\/05\/MCE_Logo_Full-Color_RGB_050324.png","contentUrl":"https:\/\/mcecleanenergy.org\/wp-content\/uploads\/2024\/05\/MCE_Logo_Full-Color_RGB_050324.png","width":5001,"height":2986,"caption":"MCE"},"image":{"@id":"https:\/\/mcecleanenergy.org\/#\/schema\/logo\/image\/"},"sameAs":["https:\/\/www.facebook.com\/mceCleanEnergy\/","https:\/\/x.com\/MCECleanEnergy","https:\/\/www.instagram.com\/mcecleanenergy\/","https:\/\/www.linkedin.com\/company\/mcecleanenergy\/","https:\/\/www.youtube.com\/c\/Mcecleanenergy\/","https:\/\/en.wikipedia.org\/wiki\/Community_Choice_Aggregation#Marin_Clean_Energy"]},{"@type":"Person","@id":"https:\/\/mcecleanenergy.org\/#\/schema\/person\/8ce2f62799413aaa2b6868dc9b471748","name":"Rohan","image":{"@type":"ImageObject","inLanguage":"de","@id":"https:\/\/secure.gravatar.com\/avatar\/08c0249ed3a34e3695a3cb94fc48aa840d636d2ba6af19ac1dd65e5303c3c992?s=96&d=mm&r=g","url":"https:\/\/secure.gravatar.com\/avatar\/08c0249ed3a34e3695a3cb94fc48aa840d636d2ba6af19ac1dd65e5303c3c992?s=96&d=mm&r=g","contentUrl":"https:\/\/secure.gravatar.com\/avatar\/08c0249ed3a34e3695a3cb94fc48aa840d636d2ba6af19ac1dd65e5303c3c992?s=96&d=mm&r=g","caption":"Rohan"},"url":"https:\/\/mcecleanenergy.org\/de\/author\/rohan\/"}]}},"_links":{"self":[{"href":"https:\/\/mcecleanenergy.org\/de\/wp-json\/wp\/v2\/posts\/40350","targetHints":{"allow":["GET"]}}],"collection":[{"href":"https:\/\/mcecleanenergy.org\/de\/wp-json\/wp\/v2\/posts"}],"about":[{"href":"https:\/\/mcecleanenergy.org\/de\/wp-json\/wp\/v2\/types\/post"}],"author":[{"embeddable":true,"href":"https:\/\/mcecleanenergy.org\/de\/wp-json\/wp\/v2\/users\/2"}],"replies":[{"embeddable":true,"href":"https:\/\/mcecleanenergy.org\/de\/wp-json\/wp\/v2\/comments?post=40350"}],"version-history":[{"count":0,"href":"https:\/\/mcecleanenergy.org\/de\/wp-json\/wp\/v2\/posts\/40350\/revisions"}],"wp:featuredmedia":[{"embeddable":true,"href":"https:\/\/mcecleanenergy.org\/de\/wp-json\/wp\/v2\/media\/40351"}],"wp:attachment":[{"href":"https:\/\/mcecleanenergy.org\/de\/wp-json\/wp\/v2\/media?parent=40350"}],"wp:term":[{"taxonomy":"category","embeddable":true,"href":"https:\/\/mcecleanenergy.org\/de\/wp-json\/wp\/v2\/categories?post=40350"},{"taxonomy":"post_tag","embeddable":true,"href":"https:\/\/mcecleanenergy.org\/de\/wp-json\/wp\/v2\/tags?post=40350"}],"curies":[{"name":"wp","href":"https:\/\/api.w.org\/{rel}","templated":true}]}}