{"id":40434,"date":"2023-02-23T10:00:21","date_gmt":"2023-02-23T18:00:21","guid":{"rendered":"https:\/\/mcecleanenergy.org\/meet-the-2022-climate-action-leadership-award-recipients\/"},"modified":"2024-06-15T21:23:36","modified_gmt":"2024-06-16T04:23:36","slug":"meet-the-2022-climate-action-leadership-award-recipients","status":"publish","type":"post","link":"https:\/\/mcecleanenergy.org\/de\/meet-the-2022-climate-action-leadership-award-recipients\/","title":{"rendered":"Treffen Sie die Preistr\u00e4ger des Climate Action Leadership Award 2022"},"content":{"rendered":"<div data-elementor-type=\"wp-post\" data-elementor-id=\"40434\" class=\"elementor elementor-40434\" data-elementor-post-type=\"post\">\n\t\t\t\t<div data-particle_enable=\"false\" data-particle-mobile-disabled=\"false\" class=\"elementor-element elementor-element-3fddef1c e-flex e-con-boxed e-con e-parent\" data-id=\"3fddef1c\" data-element_type=\"container\" data-e-type=\"container\" data-settings=\"{&quot;jet_parallax_layout_list&quot;:[]}\">\n\t\t\t\t\t<div class=\"e-con-inner\">\n\t\t\t\t<div class=\"elementor-element elementor-element-6879f77a elementor-widget elementor-widget-text-editor\" data-id=\"6879f77a\" data-element_type=\"widget\" data-e-type=\"widget\" data-widget_type=\"text-editor.default\">\n\t\t\t\t<div class=\"elementor-widget-container\">\n\t\t\t\t\t\t\t\t\t<h5><strong>Zu den Empf\u00e4ngern der Climate Action Leadership Awards 2022 geh\u00f6ren die Senatoren Alex Padilla und Dianne Feinstein sowie die Kongressabgeordneten Jared Huffman und John Garamendi.<\/strong><\/h5><p>Mit den j\u00e4hrlichen Climate Action Leadership Awards von MCE werden politische Entscheidungstr\u00e4ger und Bef\u00fcrworter geehrt, die einen bedeutenden Beitrag zum Kampf Kaliforniens gegen den Klimawandel durch saubere Energiepolitik geleistet haben.<\/p><p>Die Preistr\u00e4ger des Climate Action Leadership Award 2022 sind die Senatoren Alex Padilla und Dianne Feinstein sowie die Kongressabgeordneten Jared Huffman und John Garamendi. Die vier Preistr\u00e4ger setzten sich f\u00fcr die allerersten gemeinschaftsorientierten Ausgabenantr\u00e4ge von MCE ein und halfen bei der Sicherung <a href=\"https:\/\/mcecleanenergy.org\/de\/mce-shares-the-love-this-valentines-day-with-3-25-million-for-local-programs\/\">$3,25 Millionen an Bundesmitteln<\/a> um den Zugang zu Programmen f\u00fcr saubere Energie zu erweitern.<\/p><p><strong>Senator Alex Padilla <\/strong><\/p><p>Senator Padilla wurde im Januar 2021 als Nachfolger der designierten Vizepr\u00e4sidentin Kamala Harris ernannt. Er ist der erste Latino, der Kalifornien im Senat der Vereinigten Staaten vertritt, und wurde k\u00fcrzlich f\u00fcr eine volle sechsj\u00e4hrige Amtszeit gew\u00e4hlt. Er ist Mitglied in mehreren wichtigen Aussch\u00fcssen, unter anderem im Ausschuss f\u00fcr Umwelt und \u00f6ffentliche Arbeiten, und hat sich als Verfechter der Rechte von Arbeiterfamilien, des Klimaschutzes und anderer wertorientierter Priorit\u00e4ten erwiesen. Padilla hat k\u00fcrzlich mit MCE zusammengearbeitet, um die Finanzierung f\u00fcr die Einf\u00fchrung von Energiespeichern in der San Francisco Bay Area zu sichern.<\/p><p>Vor seiner Berufung in den US-Senat war Senator Padilla kalifornischer Staatssekret\u00e4r und geh\u00f6rte zwei Amtszeiten dem Senat des Bundesstaates Kalifornien an, wo er sechs Jahre lang den Vorsitz des Ausschusses f\u00fcr Energie, Versorgungsunternehmen und Kommunikation innehatte. W\u00e4hrend seiner ersten Amtszeit war Senator Padilla ma\u00dfgeblich an der Modernisierung des Stromnetzes und der Entwicklung der ehrgeizigen kalifornischen Politik f\u00fcr erneuerbare Energien und den Klimaschutz beteiligt.<\/p><p><strong>Senatorin Dianne Feinstein <\/strong><\/p><p>Senatorin Feinstein sitzt seit 1992 f\u00fcr Kalifornien im Senat, wo sie sich f\u00fcr verschiedene klimapolitische Ma\u00dfnahmen und saubere Energien eingesetzt hat, die die Kraftstoffeffizienz von Autos erh\u00f6hen, Naturgebiete erhalten und wiederherstellen, die Wasserinfrastruktur in Kalifornien verbessern und die Gefahr von Waldbr\u00e4nden verringern.<\/p><p>In den letzten 30 Jahren hat Senatorin Feinstein in mehreren Senatsaussch\u00fcssen wichtige F\u00fchrungsaufgaben wahrgenommen. Vor ihrer Wahl in den Senat war Senatorin Feinstein neun Jahre lang Stadtr\u00e4tin im Bezirk San Francisco und acht Jahre lang B\u00fcrgermeisterin von San Francisco. Im Jahr 2022 reichte Senatorin Feinstein zwei Antr\u00e4ge auf kommunale Ausgaben in H\u00f6he von $500.000 f\u00fcr die MCE-Programme Energiespeicherung und Gesunde H\u00e4user ein. Senatorin Feinstein hat k\u00fcrzlich angek\u00fcndigt, dass sie sich nach Ablauf ihrer Amtszeit im Jahr 2024 nicht mehr zur Wiederwahl stellen wird.<\/p><p><strong>Kongressabgeordneter Jared Huffman <\/strong><\/p><p>Der Kongressabgeordnete Huffman vertritt Marin County und wurde im November 2012 erstmals in den US-Kongress gew\u00e4hlt. Er hat sich in den Bereichen Klimaschutz und Resilienz sowie beim Schutz der kalifornischen K\u00fcsten, Binnengew\u00e4sser und der Tierwelt einen Namen gemacht. Im Jahr 2022 reichte er im Namen von MCE einen Antrag auf kommunale Ausgaben in H\u00f6he von $2 Millionen ein, um unser EV-Ladeprogramm zu erweitern.<\/p><p>Bevor er in den Kongress gew\u00e4hlt wurde, vertrat der Kongressabgeordnete Huffman die North Bay in der kalifornischen Versammlung, wo er eine f\u00fchrende Rolle bei der Ausarbeitung bahnbrechender Wasserreformen spielte. Er verfasste auch mehrere wichtige Gesetze, darunter die ersten kalifornischen Normen f\u00fcr die Beleuchtungseffizienz und das landesweit gr\u00f6\u00dfte Programm f\u00fcr die solare Warmwasserbereitung. Zuvor war er als leitender Anwalt f\u00fcr den Natural Resources Defense Council t\u00e4tig und arbeitete als Direktor f\u00fcr den Marin Municipal Water District.<\/p><p><strong>Kongressabgeordneter John Garamendi <\/strong><\/p><p>Der Kongressabgeordnete Garamendi wurde erstmals 1974 in die kalifornische Legislative gew\u00e4hlt, wo er die landesweit erste Steuergutschrift f\u00fcr Solar- und Windenergie sowie f\u00fcr Energieeinsparungen einf\u00fchrte. Garamendi wurde 1995 zum stellvertretenden Innenminister ernannt und leitete bedeutende Bem\u00fchungen zur Umweltsanierung in Kalifornien. Er ist weiterhin ein f\u00fchrender Verfechter eines umfassenden landesweiten Wasserplans.<\/p><p>Der Kongressabgeordnete Garamendi setzt sich seit langem f\u00fcr einheimische Arbeitspl\u00e4tze, Klimaschutz, Infrastrukturinvestitionen, l\u00e4ndliche Gemeinden und Familienbetriebe ein. Der neue Wahlkreis des Kongressabgeordneten Garamendi umfasst Teile der Bezirke Solano und Contra Costa im Versorgungsgebiet von MCE. K\u00fcrzlich reichte der Kongressabgeordnete Garamendi einen Antrag auf gemeinschaftsbezogene Ausgaben in H\u00f6he von $1 Mio. ein, um die Wirkung des MCE-Programms \"Gesunde H\u00e4user\" auszuweiten.<\/p>\t\t\t\t\t\t\t\t<\/div>\n\t\t\t\t<\/div>\n\t\t\t\t\t<\/div>\n\t\t\t\t<\/div>\n\t\t\t\t<\/div>","protected":false},"excerpt":{"rendered":"<p>Recipients of the 2022 Climate Action Leadership Awards include senators Alex Padilla and Dianne Feinstein, and congressmen Jared Huffman and John Garamendi MCE\u2019s annual Climate Action Leadership Awards celebrate policymakers [&hellip;]<\/p>\n","protected":false},"author":2,"featured_media":40435,"comment_status":"open","ping_status":"open","sticky":false,"template":"elementor_theme","format":"standard","meta":{"_acf_changed":false,"_searchwp_excluded":"","footnotes":""},"categories":[558,821],"tags":[],"class_list":["post-40434","post","type-post","status-publish","format-standard","has-post-thumbnail","hentry","category-in-the-community","category-mce-updates"],"acf":[],"yoast_head":"<!-- This site is optimized with the Yoast SEO Premium plugin v27.4 (Yoast SEO v27.4) - https:\/\/yoast.com\/product\/yoast-seo-premium-wordpress\/ -->\n<title>Meet the 2022 Climate Action Leadership Award Recipients - MCE Blog<\/title>\n<meta name=\"robots\" content=\"index, follow, max-snippet:-1, max-image-preview:large, max-video-preview:-1\" \/>\n<link rel=\"canonical\" href=\"https:\/\/mcecleanenergy.org\/de\/meet-the-2022-climate-action-leadership-award-recipients\/\" \/>\n<meta property=\"og:locale\" content=\"de_DE\" \/>\n<meta property=\"og:type\" content=\"article\" \/>\n<meta property=\"og:title\" content=\"Meet the 2022 Climate Action Leadership Award Recipients\" \/>\n<meta property=\"og:description\" content=\"Recipients of the 2022 Climate Action Leadership Awards include senators Alex Padilla and Dianne Feinstein, and congressmen Jared Huffman and John\" \/>\n<meta property=\"og:url\" content=\"https:\/\/mcecleanenergy.org\/de\/meet-the-2022-climate-action-leadership-award-recipients\/\" \/>\n<meta property=\"og:site_name\" content=\"MCE \u2013 Community Choice Energy\" \/>\n<meta property=\"article:publisher\" content=\"https:\/\/www.facebook.com\/mceCleanEnergy\/\" \/>\n<meta property=\"article:published_time\" content=\"2023-02-23T18:00:21+00:00\" \/>\n<meta property=\"article:modified_time\" content=\"2024-06-16T04:23:36+00:00\" \/>\n<meta property=\"og:image\" content=\"https:\/\/mcecleanenergy.org\/wp-content\/uploads\/2024\/05\/climate-action-leadership-awards-2022-min.png\" \/>\n\t<meta property=\"og:image:width\" content=\"1100\" \/>\n\t<meta property=\"og:image:height\" content=\"440\" \/>\n\t<meta property=\"og:image:type\" content=\"image\/png\" \/>\n<meta name=\"author\" content=\"Rohan\" \/>\n<meta name=\"twitter:card\" content=\"summary_large_image\" \/>\n<meta name=\"twitter:creator\" content=\"@MCECleanEnergy\" \/>\n<meta name=\"twitter:site\" content=\"@MCECleanEnergy\" \/>\n<meta name=\"twitter:label1\" content=\"Verfasst von\" \/>\n\t<meta name=\"twitter:data1\" content=\"Rohan\" \/>\n\t<meta name=\"twitter:label2\" content=\"Gesch\u00e4tzte Lesezeit\" \/>\n\t<meta name=\"twitter:data2\" content=\"3\u00a0Minuten\" \/>\n<script type=\"application\/ld+json\" class=\"yoast-schema-graph\">{\"@context\":\"https:\\\/\\\/schema.org\",\"@graph\":[{\"@type\":\"Article\",\"@id\":\"https:\\\/\\\/mcecleanenergy.org\\\/meet-the-2022-climate-action-leadership-award-recipients\\\/#article\",\"isPartOf\":{\"@id\":\"https:\\\/\\\/mcecleanenergy.org\\\/meet-the-2022-climate-action-leadership-award-recipients\\\/\"},\"author\":{\"name\":\"Rohan\",\"@id\":\"https:\\\/\\\/mcecleanenergy.org\\\/#\\\/schema\\\/person\\\/8ce2f62799413aaa2b6868dc9b471748\"},\"headline\":\"Meet the 2022 Climate Action Leadership Award Recipients\",\"datePublished\":\"2023-02-23T18:00:21+00:00\",\"dateModified\":\"2024-06-16T04:23:36+00:00\",\"mainEntityOfPage\":{\"@id\":\"https:\\\/\\\/mcecleanenergy.org\\\/meet-the-2022-climate-action-leadership-award-recipients\\\/\"},\"wordCount\":614,\"commentCount\":0,\"publisher\":{\"@id\":\"https:\\\/\\\/mcecleanenergy.org\\\/#organization\"},\"image\":{\"@id\":\"https:\\\/\\\/mcecleanenergy.org\\\/meet-the-2022-climate-action-leadership-award-recipients\\\/#primaryimage\"},\"thumbnailUrl\":\"https:\\\/\\\/mcecleanenergy.org\\\/wp-content\\\/uploads\\\/2024\\\/05\\\/climate-action-leadership-awards-2022-min.png\",\"articleSection\":[\"In the Community\",\"MCE Updates\"],\"inLanguage\":\"de\",\"potentialAction\":[{\"@type\":\"CommentAction\",\"name\":\"Comment\",\"target\":[\"https:\\\/\\\/mcecleanenergy.org\\\/meet-the-2022-climate-action-leadership-award-recipients\\\/#respond\"]}]},{\"@type\":\"WebPage\",\"@id\":\"https:\\\/\\\/mcecleanenergy.org\\\/meet-the-2022-climate-action-leadership-award-recipients\\\/\",\"url\":\"https:\\\/\\\/mcecleanenergy.org\\\/meet-the-2022-climate-action-leadership-award-recipients\\\/\",\"name\":\"Meet the 2022 Climate Action Leadership Award Recipients - MCE Blog\",\"isPartOf\":{\"@id\":\"https:\\\/\\\/mcecleanenergy.org\\\/#website\"},\"primaryImageOfPage\":{\"@id\":\"https:\\\/\\\/mcecleanenergy.org\\\/meet-the-2022-climate-action-leadership-award-recipients\\\/#primaryimage\"},\"image\":{\"@id\":\"https:\\\/\\\/mcecleanenergy.org\\\/meet-the-2022-climate-action-leadership-award-recipients\\\/#primaryimage\"},\"thumbnailUrl\":\"https:\\\/\\\/mcecleanenergy.org\\\/wp-content\\\/uploads\\\/2024\\\/05\\\/climate-action-leadership-awards-2022-min.png\",\"datePublished\":\"2023-02-23T18:00:21+00:00\",\"dateModified\":\"2024-06-16T04:23:36+00:00\",\"breadcrumb\":{\"@id\":\"https:\\\/\\\/mcecleanenergy.org\\\/meet-the-2022-climate-action-leadership-award-recipients\\\/#breadcrumb\"},\"inLanguage\":\"de\",\"potentialAction\":[{\"@type\":\"ReadAction\",\"target\":[\"https:\\\/\\\/mcecleanenergy.org\\\/meet-the-2022-climate-action-leadership-award-recipients\\\/\"]}]},{\"@type\":\"ImageObject\",\"inLanguage\":\"de\",\"@id\":\"https:\\\/\\\/mcecleanenergy.org\\\/meet-the-2022-climate-action-leadership-award-recipients\\\/#primaryimage\",\"url\":\"https:\\\/\\\/mcecleanenergy.org\\\/wp-content\\\/uploads\\\/2024\\\/05\\\/climate-action-leadership-awards-2022-min.png\",\"contentUrl\":\"https:\\\/\\\/mcecleanenergy.org\\\/wp-content\\\/uploads\\\/2024\\\/05\\\/climate-action-leadership-awards-2022-min.png\",\"width\":1100,\"height\":440},{\"@type\":\"BreadcrumbList\",\"@id\":\"https:\\\/\\\/mcecleanenergy.org\\\/meet-the-2022-climate-action-leadership-award-recipients\\\/#breadcrumb\",\"itemListElement\":[{\"@type\":\"ListItem\",\"position\":1,\"name\":\"Home\",\"item\":\"https:\\\/\\\/mcecleanenergy.org\\\/\"},{\"@type\":\"ListItem\",\"position\":2,\"name\":\"Meet the 2022 Climate Action Leadership Award Recipients\"}]},{\"@type\":\"WebSite\",\"@id\":\"https:\\\/\\\/mcecleanenergy.org\\\/#website\",\"url\":\"https:\\\/\\\/mcecleanenergy.org\\\/\",\"name\":\"MCE \u2013 Community Choice Energy\",\"description\":\"\",\"publisher\":{\"@id\":\"https:\\\/\\\/mcecleanenergy.org\\\/#organization\"},\"potentialAction\":[{\"@type\":\"SearchAction\",\"target\":{\"@type\":\"EntryPoint\",\"urlTemplate\":\"https:\\\/\\\/mcecleanenergy.org\\\/?s={search_term_string}\"},\"query-input\":{\"@type\":\"PropertyValueSpecification\",\"valueRequired\":true,\"valueName\":\"search_term_string\"}}],\"inLanguage\":\"de\"},{\"@type\":\"Organization\",\"@id\":\"https:\\\/\\\/mcecleanenergy.org\\\/#organization\",\"name\":\"MCE\",\"url\":\"https:\\\/\\\/mcecleanenergy.org\\\/\",\"logo\":{\"@type\":\"ImageObject\",\"inLanguage\":\"de\",\"@id\":\"https:\\\/\\\/mcecleanenergy.org\\\/#\\\/schema\\\/logo\\\/image\\\/\",\"url\":\"https:\\\/\\\/mcecleanenergy.org\\\/wp-content\\\/uploads\\\/2024\\\/05\\\/MCE_Logo_Full-Color_RGB_050324.png\",\"contentUrl\":\"https:\\\/\\\/mcecleanenergy.org\\\/wp-content\\\/uploads\\\/2024\\\/05\\\/MCE_Logo_Full-Color_RGB_050324.png\",\"width\":5001,\"height\":2986,\"caption\":\"MCE\"},\"image\":{\"@id\":\"https:\\\/\\\/mcecleanenergy.org\\\/#\\\/schema\\\/logo\\\/image\\\/\"},\"sameAs\":[\"https:\\\/\\\/www.facebook.com\\\/mceCleanEnergy\\\/\",\"https:\\\/\\\/x.com\\\/MCECleanEnergy\",\"https:\\\/\\\/www.instagram.com\\\/mcecleanenergy\\\/\",\"https:\\\/\\\/www.linkedin.com\\\/company\\\/mcecleanenergy\\\/\",\"https:\\\/\\\/www.youtube.com\\\/c\\\/Mcecleanenergy\\\/\",\"https:\\\/\\\/en.wikipedia.org\\\/wiki\\\/Community_Choice_Aggregation#Marin_Clean_Energy\"]},{\"@type\":\"Person\",\"@id\":\"https:\\\/\\\/mcecleanenergy.org\\\/#\\\/schema\\\/person\\\/8ce2f62799413aaa2b6868dc9b471748\",\"name\":\"Rohan\",\"image\":{\"@type\":\"ImageObject\",\"inLanguage\":\"de\",\"@id\":\"https:\\\/\\\/secure.gravatar.com\\\/avatar\\\/08c0249ed3a34e3695a3cb94fc48aa840d636d2ba6af19ac1dd65e5303c3c992?s=96&d=mm&r=g\",\"url\":\"https:\\\/\\\/secure.gravatar.com\\\/avatar\\\/08c0249ed3a34e3695a3cb94fc48aa840d636d2ba6af19ac1dd65e5303c3c992?s=96&d=mm&r=g\",\"contentUrl\":\"https:\\\/\\\/secure.gravatar.com\\\/avatar\\\/08c0249ed3a34e3695a3cb94fc48aa840d636d2ba6af19ac1dd65e5303c3c992?s=96&d=mm&r=g\",\"caption\":\"Rohan\"},\"url\":\"https:\\\/\\\/mcecleanenergy.org\\\/de\\\/author\\\/rohan\\\/\"}]}<\/script>\n<!-- \/ Yoast SEO Premium plugin. -->","yoast_head_json":{"title":"Meet the 2022 Climate Action Leadership Award Recipients - MCE Blog","robots":{"index":"index","follow":"follow","max-snippet":"max-snippet:-1","max-image-preview":"max-image-preview:large","max-video-preview":"max-video-preview:-1"},"canonical":"https:\/\/mcecleanenergy.org\/de\/meet-the-2022-climate-action-leadership-award-recipients\/","og_locale":"de_DE","og_type":"article","og_title":"Meet the 2022 Climate Action Leadership Award Recipients","og_description":"Recipients of the 2022 Climate Action Leadership Awards include senators Alex Padilla and Dianne Feinstein, and congressmen Jared Huffman and John","og_url":"https:\/\/mcecleanenergy.org\/de\/meet-the-2022-climate-action-leadership-award-recipients\/","og_site_name":"MCE \u2013 Community Choice Energy","article_publisher":"https:\/\/www.facebook.com\/mceCleanEnergy\/","article_published_time":"2023-02-23T18:00:21+00:00","article_modified_time":"2024-06-16T04:23:36+00:00","og_image":[{"width":1100,"height":440,"url":"https:\/\/mcecleanenergy.org\/wp-content\/uploads\/2024\/05\/climate-action-leadership-awards-2022-min.png","type":"image\/png"}],"author":"Rohan","twitter_card":"summary_large_image","twitter_creator":"@MCECleanEnergy","twitter_site":"@MCECleanEnergy","twitter_misc":{"Verfasst von":"Rohan","Gesch\u00e4tzte Lesezeit":"3\u00a0Minuten"},"schema":{"@context":"https:\/\/schema.org","@graph":[{"@type":"Article","@id":"https:\/\/mcecleanenergy.org\/meet-the-2022-climate-action-leadership-award-recipients\/#article","isPartOf":{"@id":"https:\/\/mcecleanenergy.org\/meet-the-2022-climate-action-leadership-award-recipients\/"},"author":{"name":"Rohan","@id":"https:\/\/mcecleanenergy.org\/#\/schema\/person\/8ce2f62799413aaa2b6868dc9b471748"},"headline":"Meet the 2022 Climate Action Leadership Award Recipients","datePublished":"2023-02-23T18:00:21+00:00","dateModified":"2024-06-16T04:23:36+00:00","mainEntityOfPage":{"@id":"https:\/\/mcecleanenergy.org\/meet-the-2022-climate-action-leadership-award-recipients\/"},"wordCount":614,"commentCount":0,"publisher":{"@id":"https:\/\/mcecleanenergy.org\/#organization"},"image":{"@id":"https:\/\/mcecleanenergy.org\/meet-the-2022-climate-action-leadership-award-recipients\/#primaryimage"},"thumbnailUrl":"https:\/\/mcecleanenergy.org\/wp-content\/uploads\/2024\/05\/climate-action-leadership-awards-2022-min.png","articleSection":["In the Community","MCE Updates"],"inLanguage":"de","potentialAction":[{"@type":"CommentAction","name":"Comment","target":["https:\/\/mcecleanenergy.org\/meet-the-2022-climate-action-leadership-award-recipients\/#respond"]}]},{"@type":"WebPage","@id":"https:\/\/mcecleanenergy.org\/meet-the-2022-climate-action-leadership-award-recipients\/","url":"https:\/\/mcecleanenergy.org\/meet-the-2022-climate-action-leadership-award-recipients\/","name":"Meet the 2022 Climate Action Leadership Award Recipients - MCE Blog","isPartOf":{"@id":"https:\/\/mcecleanenergy.org\/#website"},"primaryImageOfPage":{"@id":"https:\/\/mcecleanenergy.org\/meet-the-2022-climate-action-leadership-award-recipients\/#primaryimage"},"image":{"@id":"https:\/\/mcecleanenergy.org\/meet-the-2022-climate-action-leadership-award-recipients\/#primaryimage"},"thumbnailUrl":"https:\/\/mcecleanenergy.org\/wp-content\/uploads\/2024\/05\/climate-action-leadership-awards-2022-min.png","datePublished":"2023-02-23T18:00:21+00:00","dateModified":"2024-06-16T04:23:36+00:00","breadcrumb":{"@id":"https:\/\/mcecleanenergy.org\/meet-the-2022-climate-action-leadership-award-recipients\/#breadcrumb"},"inLanguage":"de","potentialAction":[{"@type":"ReadAction","target":["https:\/\/mcecleanenergy.org\/meet-the-2022-climate-action-leadership-award-recipients\/"]}]},{"@type":"ImageObject","inLanguage":"de","@id":"https:\/\/mcecleanenergy.org\/meet-the-2022-climate-action-leadership-award-recipients\/#primaryimage","url":"https:\/\/mcecleanenergy.org\/wp-content\/uploads\/2024\/05\/climate-action-leadership-awards-2022-min.png","contentUrl":"https:\/\/mcecleanenergy.org\/wp-content\/uploads\/2024\/05\/climate-action-leadership-awards-2022-min.png","width":1100,"height":440},{"@type":"BreadcrumbList","@id":"https:\/\/mcecleanenergy.org\/meet-the-2022-climate-action-leadership-award-recipients\/#breadcrumb","itemListElement":[{"@type":"ListItem","position":1,"name":"Home","item":"https:\/\/mcecleanenergy.org\/"},{"@type":"ListItem","position":2,"name":"Meet the 2022 Climate Action Leadership Award Recipients"}]},{"@type":"WebSite","@id":"https:\/\/mcecleanenergy.org\/#website","url":"https:\/\/mcecleanenergy.org\/","name":"MCE - Energie nach Wahl der Gemeinde","description":"","publisher":{"@id":"https:\/\/mcecleanenergy.org\/#organization"},"potentialAction":[{"@type":"SearchAction","target":{"@type":"EntryPoint","urlTemplate":"https:\/\/mcecleanenergy.org\/?s={search_term_string}"},"query-input":{"@type":"PropertyValueSpecification","valueRequired":true,"valueName":"search_term_string"}}],"inLanguage":"de"},{"@type":"Organization","@id":"https:\/\/mcecleanenergy.org\/#organization","name":"MCE","url":"https:\/\/mcecleanenergy.org\/","logo":{"@type":"ImageObject","inLanguage":"de","@id":"https:\/\/mcecleanenergy.org\/#\/schema\/logo\/image\/","url":"https:\/\/mcecleanenergy.org\/wp-content\/uploads\/2024\/05\/MCE_Logo_Full-Color_RGB_050324.png","contentUrl":"https:\/\/mcecleanenergy.org\/wp-content\/uploads\/2024\/05\/MCE_Logo_Full-Color_RGB_050324.png","width":5001,"height":2986,"caption":"MCE"},"image":{"@id":"https:\/\/mcecleanenergy.org\/#\/schema\/logo\/image\/"},"sameAs":["https:\/\/www.facebook.com\/mceCleanEnergy\/","https:\/\/x.com\/MCECleanEnergy","https:\/\/www.instagram.com\/mcecleanenergy\/","https:\/\/www.linkedin.com\/company\/mcecleanenergy\/","https:\/\/www.youtube.com\/c\/Mcecleanenergy\/","https:\/\/en.wikipedia.org\/wiki\/Community_Choice_Aggregation#Marin_Clean_Energy"]},{"@type":"Person","@id":"https:\/\/mcecleanenergy.org\/#\/schema\/person\/8ce2f62799413aaa2b6868dc9b471748","name":"Rohan","image":{"@type":"ImageObject","inLanguage":"de","@id":"https:\/\/secure.gravatar.com\/avatar\/08c0249ed3a34e3695a3cb94fc48aa840d636d2ba6af19ac1dd65e5303c3c992?s=96&d=mm&r=g","url":"https:\/\/secure.gravatar.com\/avatar\/08c0249ed3a34e3695a3cb94fc48aa840d636d2ba6af19ac1dd65e5303c3c992?s=96&d=mm&r=g","contentUrl":"https:\/\/secure.gravatar.com\/avatar\/08c0249ed3a34e3695a3cb94fc48aa840d636d2ba6af19ac1dd65e5303c3c992?s=96&d=mm&r=g","caption":"Rohan"},"url":"https:\/\/mcecleanenergy.org\/de\/author\/rohan\/"}]}},"_links":{"self":[{"href":"https:\/\/mcecleanenergy.org\/de\/wp-json\/wp\/v2\/posts\/40434","targetHints":{"allow":["GET"]}}],"collection":[{"href":"https:\/\/mcecleanenergy.org\/de\/wp-json\/wp\/v2\/posts"}],"about":[{"href":"https:\/\/mcecleanenergy.org\/de\/wp-json\/wp\/v2\/types\/post"}],"author":[{"embeddable":true,"href":"https:\/\/mcecleanenergy.org\/de\/wp-json\/wp\/v2\/users\/2"}],"replies":[{"embeddable":true,"href":"https:\/\/mcecleanenergy.org\/de\/wp-json\/wp\/v2\/comments?post=40434"}],"version-history":[{"count":0,"href":"https:\/\/mcecleanenergy.org\/de\/wp-json\/wp\/v2\/posts\/40434\/revisions"}],"wp:featuredmedia":[{"embeddable":true,"href":"https:\/\/mcecleanenergy.org\/de\/wp-json\/wp\/v2\/media\/40435"}],"wp:attachment":[{"href":"https:\/\/mcecleanenergy.org\/de\/wp-json\/wp\/v2\/media?parent=40434"}],"wp:term":[{"taxonomy":"category","embeddable":true,"href":"https:\/\/mcecleanenergy.org\/de\/wp-json\/wp\/v2\/categories?post=40434"},{"taxonomy":"post_tag","embeddable":true,"href":"https:\/\/mcecleanenergy.org\/de\/wp-json\/wp\/v2\/tags?post=40434"}],"curies":[{"name":"wp","href":"https:\/\/api.w.org\/{rel}","templated":true}]}}