{"id":52637,"date":"2024-08-01T09:00:02","date_gmt":"2024-08-01T16:00:02","guid":{"rendered":"https:\/\/mcecleanenergy.org\/?p=52637"},"modified":"2024-10-31T09:12:28","modified_gmt":"2024-10-31T16:12:28","slug":"transforming-communities-launching-the-charged-by-public-power-program","status":"publish","type":"post","link":"https:\/\/mcecleanenergy.org\/de\/transforming-communities-launching-the-charged-by-public-power-program\/","title":{"rendered":"Gemeinden umgestalten: Start des Programms \"Charged by Public Power"},"content":{"rendered":"<div data-elementor-type=\"wp-post\" data-elementor-id=\"52637\" class=\"elementor elementor-52637\" data-elementor-post-type=\"post\">\n\t\t\t\t<div data-particle_enable=\"false\" data-particle-mobile-disabled=\"false\" class=\"elementor-element elementor-element-57fab478 e-flex e-con-boxed e-con e-parent\" data-id=\"57fab478\" data-element_type=\"container\" data-e-type=\"container\" data-settings=\"{&quot;jet_parallax_layout_list&quot;:[]}\">\n\t\t\t\t\t<div class=\"e-con-inner\">\n\t\t\t\t<div class=\"elementor-element elementor-element-3d0c6600 elementor-widget elementor-widget-text-editor\" data-id=\"3d0c6600\" data-element_type=\"widget\" data-e-type=\"widget\" data-widget_type=\"text-editor.default\">\n\t\t\t\t<div class=\"elementor-widget-container\">\n\t\t\t\t\t\t\t\t\t<p>MCE bittet um R\u00fcckmeldungen aus der Bev\u00f6lkerung, um saubere Verkehrsl\u00f6sungen in seinem gesamten Versorgungsgebiet zu entwickeln. <a href=\"https:\/\/mcecleanenergy.org\/de\/Charged-by-Public-Power\/\">Vom \u00f6ffentlichen Strom aufgeladen<\/a> Programm.<\/p><p>Das Programm \"Charged by Public Power\" arbeitet auf kommunaler Ebene, um Hindernisse f\u00fcr den Transportbedarf in historisch unterversorgten Gemeinden zu verstehen und zu beseitigen. Das Programm gibt Empfehlungen zum Ausbau sauberer Mobilit\u00e4tsl\u00f6sungen (z. B. Ladestationen f\u00fcr Elektrofahrzeuge, Carsharing und Bike-Sharing) in diesen vorrangigen Gemeinden:<\/p><ul><li>Concord<\/li><li>Fairfield<\/li><li>Napa<\/li><li>Pittsburg<\/li><li>Richmond<\/li><li>San Pablo<\/li><li>San Rafael<\/li><li>Nicht eingemeindeter Bezirk Contra Costa<\/li><li>Vallejo<\/li><\/ul>\t\t\t\t\t\t\t\t<\/div>\n\t\t\t\t<\/div>\n\t\t\t\t<div class=\"elementor-element elementor-element-4843e3a elementor-widget elementor-widget-text-editor\" data-id=\"4843e3a\" data-element_type=\"widget\" data-e-type=\"widget\" data-widget_type=\"text-editor.default\">\n\t\t\t\t<div class=\"elementor-widget-container\">\n\t\t\t\t\t\t\t\t\t<h4>Beteiligung am gesellschaftlichen Engagement<\/h4><p>MCE sammelt mit virtuellen und pers\u00f6nlichen Fokusgruppen Feedback aus der Bev\u00f6lkerung. Die Fokusgruppen geben den Gemeindemitgliedern die M\u00f6glichkeit, ihre Gedanken zu sauberen Verkehrsl\u00f6sungen mitzuteilen. Durch Ihre R\u00fcckmeldung tragen Sie dazu bei, die Vorteile wie Gleichberechtigung, Inklusion und verbesserte Zug\u00e4nglichkeit in Ihrer Gemeinde zu f\u00f6rdern.<\/p><p><a href=\"https:\/\/docs.google.com\/forms\/d\/e\/1FAIpQLSfaiKYhwFPMKCrXHy02BMleFT-Si4VfPl-FSnmSOp9p-mvUIQ\/viewform\" target=\"_blank\" rel=\"noopener\">An einer Fokusgruppe teilnehmen<\/a><\/p><p>Nach der Einholung von R\u00fcckmeldungen aus der Bev\u00f6lkerung werden die ausgew\u00e4hlten Strategien in Zusammenarbeit mit dem Community Electric Transportation Council von MCE umgesetzt, der sich aus Vertretern von Kommunalverwaltungen, Verkehrsbetrieben und kommunalen Partnern im Versorgungsgebiet von MCE zusammensetzt.<\/p><p>In der Planungs- und Einbindungsphase in diesem Jahr werden die Gemeinden durch Umfragen und Fokusgruppen einbezogen, und die Ergebnisse werden analysiert und in einem Bericht festgehalten, um die Umsetzungspl\u00e4ne zu verfeinern. Im Jahr 2025 wird MCE in der Inbetriebnahmephase Ladestationen und E-Tankstellen an bestimmten Standorten installieren. Im Jahr 2026 wird die Einf\u00fchrungs- und Betriebsphase den effizienten Betrieb der Ladestationen sicherstellen, den Zugang zu anderen L\u00f6sungen f\u00fcr saubere Mobilit\u00e4t koordinieren, die bei der \u00d6ffentlichkeitsarbeit ermittelt wurden, und die Gemeinden, in denen die Projekte installiert wurden, kontinuierlich unterst\u00fctzen.<\/p>\t\t\t\t\t\t\t\t<\/div>\n\t\t\t\t<\/div>\n\t\t\t\t\t<\/div>\n\t\t\t\t<\/div>\n\t\t<div data-particle_enable=\"false\" data-particle-mobile-disabled=\"false\" class=\"elementor-element elementor-element-00eb4bf e-flex e-con-boxed e-con e-parent\" data-id=\"00eb4bf\" data-element_type=\"container\" data-e-type=\"container\" data-settings=\"{&quot;jet_parallax_layout_list&quot;:[]}\">\n\t\t\t\t\t<div class=\"e-con-inner\">\n\t\t\t\t<div class=\"elementor-element elementor-element-e6bcf2d elementor-widget elementor-widget-text-editor\" data-id=\"e6bcf2d\" data-element_type=\"widget\" data-e-type=\"widget\" data-widget_type=\"text-editor.default\">\n\t\t\t\t<div class=\"elementor-widget-container\">\n\t\t\t\t\t\t\t\t\t<h4>Gestalten Sie unsere saubere Transportzukunft<\/h4><p>Wenn Sie Ideen f\u00fcr saubere Verkehrsl\u00f6sungen haben und die Zukunft Ihrer Gemeinde mitgestalten wollen, besuchen Sie die MCE-Website <a href=\"https:\/\/mcecleanenergy.org\/de\/Charged-by-Public-Power\/\">Vom \u00f6ffentlichen Strom aufgeladen<\/a> Seite, um eine bevorstehende Fokusgruppe in Ihrer Region zu finden.<\/p><p>MCE dankt dem Department of Energy (DOE) f\u00fcr die Finanzierung dieses Programms. Das DOE's Office of Energy Efficiency and Renewable Energy and Vehicle Technologies Office hat das Programm Charged by Public Power finanziert, weil es mit den nationalen Energiezielen \u00fcbereinstimmt und ein Konzept bietet, das in der Lage ist, saubere Transportl\u00f6sungen im ganzen Staat zu verbreiten.<\/p><p>MCE engagiert sich f\u00fcr gemeinschaftsorientierte Initiativen, die nachhaltige und gerechte Energiel\u00f6sungen f\u00f6rdern. Durch gemeinsame Anstrengungen wie das Programm \"Charged by Public Power\" legen wir den Grundstein f\u00fcr eine nachhaltigere Zukunft.<\/p><p>Geben Sie Ihre Stimme ab und helfen Sie uns, positive Ver\u00e4nderungen zu bewirken!<\/p>\t\t\t\t\t\t\t\t<\/div>\n\t\t\t\t<\/div>\n\t\t\t\t\t<\/div>\n\t\t\t\t<\/div>\n\t\t\t\t<\/div>","protected":false},"excerpt":{"rendered":"<p>MCE is seeking community feedback to help shape clean transportation solutions across its service area through the Charged by Public Power program. The Charged by Public Power program works at [&hellip;]<\/p>\n","protected":false},"author":13,"featured_media":53425,"comment_status":"open","ping_status":"open","sticky":false,"template":"elementor_theme","format":"standard","meta":{"_acf_changed":false,"_searchwp_excluded":"","footnotes":""},"categories":[825,821],"tags":[],"class_list":["post-52637","post","type-post","status-publish","format-standard","has-post-thumbnail","hentry","category-clean-transportation","category-mce-updates"],"acf":[],"yoast_head":"<!-- This site is optimized with the Yoast SEO Premium plugin v27.4 (Yoast SEO v27.4) - https:\/\/yoast.com\/product\/yoast-seo-premium-wordpress\/ -->\n<title>Transforming Communities: Launching the Charged by Public Power Program - MCE Blog<\/title>\n<meta name=\"description\" content=\"The Charged by Public Power program provides recommendations to expand clean mobility solutions such as EV chargers, carshares, and bike shares across the Bay Area.\" \/>\n<meta name=\"robots\" content=\"index, follow, max-snippet:-1, max-image-preview:large, max-video-preview:-1\" \/>\n<link rel=\"canonical\" href=\"https:\/\/mcecleanenergy.org\/de\/transforming-communities-launching-the-charged-by-public-power-program\/\" \/>\n<meta property=\"og:locale\" content=\"de_DE\" \/>\n<meta property=\"og:type\" content=\"article\" \/>\n<meta property=\"og:title\" content=\"Transforming Communities: Launching the Charged by Public Power Program\" \/>\n<meta property=\"og:description\" content=\"MCE is seeking community feedback to help shape clean transportation solutions across its service area through the Charged by Public Power program.The\" \/>\n<meta property=\"og:url\" content=\"https:\/\/mcecleanenergy.org\/de\/transforming-communities-launching-the-charged-by-public-power-program\/\" \/>\n<meta property=\"og:site_name\" content=\"MCE \u2013 Community Choice Energy\" \/>\n<meta property=\"article:publisher\" content=\"https:\/\/www.facebook.com\/mceCleanEnergy\/\" \/>\n<meta property=\"article:published_time\" content=\"2024-08-01T16:00:02+00:00\" \/>\n<meta property=\"article:modified_time\" content=\"2024-10-31T16:12:28+00:00\" \/>\n<meta property=\"og:image\" content=\"https:\/\/mcecleanenergy.org\/wp-content\/uploads\/2024\/08\/charged-by-public-power.png\" \/>\n\t<meta property=\"og:image:width\" content=\"1180\" \/>\n\t<meta property=\"og:image:height\" content=\"475\" \/>\n\t<meta property=\"og:image:type\" content=\"image\/png\" \/>\n<meta name=\"author\" content=\"Madeline Sarvey\" \/>\n<meta name=\"twitter:card\" content=\"summary_large_image\" \/>\n<meta name=\"twitter:creator\" content=\"@MCECleanEnergy\" \/>\n<meta name=\"twitter:site\" content=\"@MCECleanEnergy\" \/>\n<meta name=\"twitter:label1\" content=\"Verfasst von\" \/>\n\t<meta name=\"twitter:data1\" content=\"Madeline Sarvey\" \/>\n\t<meta name=\"twitter:label2\" content=\"Gesch\u00e4tzte Lesezeit\" \/>\n\t<meta name=\"twitter:data2\" content=\"1\u00a0Minute\" \/>\n<script type=\"application\/ld+json\" class=\"yoast-schema-graph\">{\"@context\":\"https:\\\/\\\/schema.org\",\"@graph\":[{\"@type\":\"Article\",\"@id\":\"https:\\\/\\\/mcecleanenergy.org\\\/transforming-communities-launching-the-charged-by-public-power-program\\\/#article\",\"isPartOf\":{\"@id\":\"https:\\\/\\\/mcecleanenergy.org\\\/transforming-communities-launching-the-charged-by-public-power-program\\\/\"},\"author\":{\"name\":\"Madeline Sarvey\",\"@id\":\"https:\\\/\\\/mcecleanenergy.org\\\/#\\\/schema\\\/person\\\/5583eeeccfdd1a6cdaa0c46fdc106315\"},\"headline\":\"Transforming Communities: Launching the Charged by Public Power Program\",\"datePublished\":\"2024-08-01T16:00:02+00:00\",\"dateModified\":\"2024-10-31T16:12:28+00:00\",\"mainEntityOfPage\":{\"@id\":\"https:\\\/\\\/mcecleanenergy.org\\\/transforming-communities-launching-the-charged-by-public-power-program\\\/\"},\"wordCount\":395,\"commentCount\":0,\"publisher\":{\"@id\":\"https:\\\/\\\/mcecleanenergy.org\\\/#organization\"},\"image\":{\"@id\":\"https:\\\/\\\/mcecleanenergy.org\\\/transforming-communities-launching-the-charged-by-public-power-program\\\/#primaryimage\"},\"thumbnailUrl\":\"https:\\\/\\\/mcecleanenergy.org\\\/wp-content\\\/uploads\\\/2024\\\/08\\\/charged-by-public-power.png\",\"articleSection\":[\"Clean Transportation\",\"MCE Updates\"],\"inLanguage\":\"de\",\"potentialAction\":[{\"@type\":\"CommentAction\",\"name\":\"Comment\",\"target\":[\"https:\\\/\\\/mcecleanenergy.org\\\/transforming-communities-launching-the-charged-by-public-power-program\\\/#respond\"]}]},{\"@type\":\"WebPage\",\"@id\":\"https:\\\/\\\/mcecleanenergy.org\\\/transforming-communities-launching-the-charged-by-public-power-program\\\/\",\"url\":\"https:\\\/\\\/mcecleanenergy.org\\\/transforming-communities-launching-the-charged-by-public-power-program\\\/\",\"name\":\"Transforming Communities: Launching the Charged by Public Power Program - MCE Blog\",\"isPartOf\":{\"@id\":\"https:\\\/\\\/mcecleanenergy.org\\\/#website\"},\"primaryImageOfPage\":{\"@id\":\"https:\\\/\\\/mcecleanenergy.org\\\/transforming-communities-launching-the-charged-by-public-power-program\\\/#primaryimage\"},\"image\":{\"@id\":\"https:\\\/\\\/mcecleanenergy.org\\\/transforming-communities-launching-the-charged-by-public-power-program\\\/#primaryimage\"},\"thumbnailUrl\":\"https:\\\/\\\/mcecleanenergy.org\\\/wp-content\\\/uploads\\\/2024\\\/08\\\/charged-by-public-power.png\",\"datePublished\":\"2024-08-01T16:00:02+00:00\",\"dateModified\":\"2024-10-31T16:12:28+00:00\",\"description\":\"The Charged by Public Power program provides recommendations to expand clean mobility solutions such as EV chargers, carshares, and bike shares across the Bay Area.\",\"breadcrumb\":{\"@id\":\"https:\\\/\\\/mcecleanenergy.org\\\/transforming-communities-launching-the-charged-by-public-power-program\\\/#breadcrumb\"},\"inLanguage\":\"de\",\"potentialAction\":[{\"@type\":\"ReadAction\",\"target\":[\"https:\\\/\\\/mcecleanenergy.org\\\/transforming-communities-launching-the-charged-by-public-power-program\\\/\"]}]},{\"@type\":\"ImageObject\",\"inLanguage\":\"de\",\"@id\":\"https:\\\/\\\/mcecleanenergy.org\\\/transforming-communities-launching-the-charged-by-public-power-program\\\/#primaryimage\",\"url\":\"https:\\\/\\\/mcecleanenergy.org\\\/wp-content\\\/uploads\\\/2024\\\/08\\\/charged-by-public-power.png\",\"contentUrl\":\"https:\\\/\\\/mcecleanenergy.org\\\/wp-content\\\/uploads\\\/2024\\\/08\\\/charged-by-public-power.png\",\"width\":1180,\"height\":475,\"caption\":\"Launching the Charged by Public Power Program from MCE\"},{\"@type\":\"BreadcrumbList\",\"@id\":\"https:\\\/\\\/mcecleanenergy.org\\\/transforming-communities-launching-the-charged-by-public-power-program\\\/#breadcrumb\",\"itemListElement\":[{\"@type\":\"ListItem\",\"position\":1,\"name\":\"Home\",\"item\":\"https:\\\/\\\/mcecleanenergy.org\\\/\"},{\"@type\":\"ListItem\",\"position\":2,\"name\":\"Transforming Communities: Launching the Charged by Public Power Program\"}]},{\"@type\":\"WebSite\",\"@id\":\"https:\\\/\\\/mcecleanenergy.org\\\/#website\",\"url\":\"https:\\\/\\\/mcecleanenergy.org\\\/\",\"name\":\"MCE \u2013 Community Choice Energy\",\"description\":\"\",\"publisher\":{\"@id\":\"https:\\\/\\\/mcecleanenergy.org\\\/#organization\"},\"potentialAction\":[{\"@type\":\"SearchAction\",\"target\":{\"@type\":\"EntryPoint\",\"urlTemplate\":\"https:\\\/\\\/mcecleanenergy.org\\\/?s={search_term_string}\"},\"query-input\":{\"@type\":\"PropertyValueSpecification\",\"valueRequired\":true,\"valueName\":\"search_term_string\"}}],\"inLanguage\":\"de\"},{\"@type\":\"Organization\",\"@id\":\"https:\\\/\\\/mcecleanenergy.org\\\/#organization\",\"name\":\"MCE\",\"url\":\"https:\\\/\\\/mcecleanenergy.org\\\/\",\"logo\":{\"@type\":\"ImageObject\",\"inLanguage\":\"de\",\"@id\":\"https:\\\/\\\/mcecleanenergy.org\\\/#\\\/schema\\\/logo\\\/image\\\/\",\"url\":\"https:\\\/\\\/mcecleanenergy.org\\\/wp-content\\\/uploads\\\/2024\\\/05\\\/MCE_Logo_Full-Color_RGB_050324.png\",\"contentUrl\":\"https:\\\/\\\/mcecleanenergy.org\\\/wp-content\\\/uploads\\\/2024\\\/05\\\/MCE_Logo_Full-Color_RGB_050324.png\",\"width\":5001,\"height\":2986,\"caption\":\"MCE\"},\"image\":{\"@id\":\"https:\\\/\\\/mcecleanenergy.org\\\/#\\\/schema\\\/logo\\\/image\\\/\"},\"sameAs\":[\"https:\\\/\\\/www.facebook.com\\\/mceCleanEnergy\\\/\",\"https:\\\/\\\/x.com\\\/MCECleanEnergy\",\"https:\\\/\\\/www.instagram.com\\\/mcecleanenergy\\\/\",\"https:\\\/\\\/www.linkedin.com\\\/company\\\/mcecleanenergy\\\/\",\"https:\\\/\\\/www.youtube.com\\\/c\\\/Mcecleanenergy\\\/\",\"https:\\\/\\\/en.wikipedia.org\\\/wiki\\\/Community_Choice_Aggregation#Marin_Clean_Energy\"]},{\"@type\":\"Person\",\"@id\":\"https:\\\/\\\/mcecleanenergy.org\\\/#\\\/schema\\\/person\\\/5583eeeccfdd1a6cdaa0c46fdc106315\",\"name\":\"Madeline Sarvey\",\"image\":{\"@type\":\"ImageObject\",\"inLanguage\":\"de\",\"@id\":\"https:\\\/\\\/secure.gravatar.com\\\/avatar\\\/df1707b930f561073f98d20d58ba4ab4b37a8e9615ed41a61e56365b9723a714?s=96&d=mm&r=g\",\"url\":\"https:\\\/\\\/secure.gravatar.com\\\/avatar\\\/df1707b930f561073f98d20d58ba4ab4b37a8e9615ed41a61e56365b9723a714?s=96&d=mm&r=g\",\"contentUrl\":\"https:\\\/\\\/secure.gravatar.com\\\/avatar\\\/df1707b930f561073f98d20d58ba4ab4b37a8e9615ed41a61e56365b9723a714?s=96&d=mm&r=g\",\"caption\":\"Madeline Sarvey\"},\"url\":\"https:\\\/\\\/mcecleanenergy.org\\\/de\\\/author\\\/madeline-s\\\/\"}]}<\/script>\n<!-- \/ Yoast SEO Premium plugin. -->","yoast_head_json":{"title":"Transforming Communities: Launching the Charged by Public Power Program - MCE Blog","description":"The Charged by Public Power program provides recommendations to expand clean mobility solutions such as EV chargers, carshares, and bike shares across the Bay Area.","robots":{"index":"index","follow":"follow","max-snippet":"max-snippet:-1","max-image-preview":"max-image-preview:large","max-video-preview":"max-video-preview:-1"},"canonical":"https:\/\/mcecleanenergy.org\/de\/transforming-communities-launching-the-charged-by-public-power-program\/","og_locale":"de_DE","og_type":"article","og_title":"Transforming Communities: Launching the Charged by Public Power Program","og_description":"MCE is seeking community feedback to help shape clean transportation solutions across its service area through the Charged by Public Power program.The","og_url":"https:\/\/mcecleanenergy.org\/de\/transforming-communities-launching-the-charged-by-public-power-program\/","og_site_name":"MCE \u2013 Community Choice Energy","article_publisher":"https:\/\/www.facebook.com\/mceCleanEnergy\/","article_published_time":"2024-08-01T16:00:02+00:00","article_modified_time":"2024-10-31T16:12:28+00:00","og_image":[{"width":1180,"height":475,"url":"https:\/\/mcecleanenergy.org\/wp-content\/uploads\/2024\/08\/charged-by-public-power.png","type":"image\/png"}],"author":"Madeline Sarvey","twitter_card":"summary_large_image","twitter_creator":"@MCECleanEnergy","twitter_site":"@MCECleanEnergy","twitter_misc":{"Verfasst von":"Madeline Sarvey","Gesch\u00e4tzte Lesezeit":"1\u00a0Minute"},"schema":{"@context":"https:\/\/schema.org","@graph":[{"@type":"Article","@id":"https:\/\/mcecleanenergy.org\/transforming-communities-launching-the-charged-by-public-power-program\/#article","isPartOf":{"@id":"https:\/\/mcecleanenergy.org\/transforming-communities-launching-the-charged-by-public-power-program\/"},"author":{"name":"Madeline Sarvey","@id":"https:\/\/mcecleanenergy.org\/#\/schema\/person\/5583eeeccfdd1a6cdaa0c46fdc106315"},"headline":"Transforming Communities: Launching the Charged by Public Power Program","datePublished":"2024-08-01T16:00:02+00:00","dateModified":"2024-10-31T16:12:28+00:00","mainEntityOfPage":{"@id":"https:\/\/mcecleanenergy.org\/transforming-communities-launching-the-charged-by-public-power-program\/"},"wordCount":395,"commentCount":0,"publisher":{"@id":"https:\/\/mcecleanenergy.org\/#organization"},"image":{"@id":"https:\/\/mcecleanenergy.org\/transforming-communities-launching-the-charged-by-public-power-program\/#primaryimage"},"thumbnailUrl":"https:\/\/mcecleanenergy.org\/wp-content\/uploads\/2024\/08\/charged-by-public-power.png","articleSection":["Clean Transportation","MCE Updates"],"inLanguage":"de","potentialAction":[{"@type":"CommentAction","name":"Comment","target":["https:\/\/mcecleanenergy.org\/transforming-communities-launching-the-charged-by-public-power-program\/#respond"]}]},{"@type":"WebPage","@id":"https:\/\/mcecleanenergy.org\/transforming-communities-launching-the-charged-by-public-power-program\/","url":"https:\/\/mcecleanenergy.org\/transforming-communities-launching-the-charged-by-public-power-program\/","name":"Transforming Communities: Launching the Charged by Public Power Program - MCE Blog","isPartOf":{"@id":"https:\/\/mcecleanenergy.org\/#website"},"primaryImageOfPage":{"@id":"https:\/\/mcecleanenergy.org\/transforming-communities-launching-the-charged-by-public-power-program\/#primaryimage"},"image":{"@id":"https:\/\/mcecleanenergy.org\/transforming-communities-launching-the-charged-by-public-power-program\/#primaryimage"},"thumbnailUrl":"https:\/\/mcecleanenergy.org\/wp-content\/uploads\/2024\/08\/charged-by-public-power.png","datePublished":"2024-08-01T16:00:02+00:00","dateModified":"2024-10-31T16:12:28+00:00","description":"The Charged by Public Power program provides recommendations to expand clean mobility solutions such as EV chargers, carshares, and bike shares across the Bay Area.","breadcrumb":{"@id":"https:\/\/mcecleanenergy.org\/transforming-communities-launching-the-charged-by-public-power-program\/#breadcrumb"},"inLanguage":"de","potentialAction":[{"@type":"ReadAction","target":["https:\/\/mcecleanenergy.org\/transforming-communities-launching-the-charged-by-public-power-program\/"]}]},{"@type":"ImageObject","inLanguage":"de","@id":"https:\/\/mcecleanenergy.org\/transforming-communities-launching-the-charged-by-public-power-program\/#primaryimage","url":"https:\/\/mcecleanenergy.org\/wp-content\/uploads\/2024\/08\/charged-by-public-power.png","contentUrl":"https:\/\/mcecleanenergy.org\/wp-content\/uploads\/2024\/08\/charged-by-public-power.png","width":1180,"height":475,"caption":"Launching the Charged by Public Power Program from MCE"},{"@type":"BreadcrumbList","@id":"https:\/\/mcecleanenergy.org\/transforming-communities-launching-the-charged-by-public-power-program\/#breadcrumb","itemListElement":[{"@type":"ListItem","position":1,"name":"Home","item":"https:\/\/mcecleanenergy.org\/"},{"@type":"ListItem","position":2,"name":"Transforming Communities: Launching the Charged by Public Power Program"}]},{"@type":"WebSite","@id":"https:\/\/mcecleanenergy.org\/#website","url":"https:\/\/mcecleanenergy.org\/","name":"MCE - Energie nach Wahl der Gemeinde","description":"","publisher":{"@id":"https:\/\/mcecleanenergy.org\/#organization"},"potentialAction":[{"@type":"SearchAction","target":{"@type":"EntryPoint","urlTemplate":"https:\/\/mcecleanenergy.org\/?s={search_term_string}"},"query-input":{"@type":"PropertyValueSpecification","valueRequired":true,"valueName":"search_term_string"}}],"inLanguage":"de"},{"@type":"Organization","@id":"https:\/\/mcecleanenergy.org\/#organization","name":"MCE","url":"https:\/\/mcecleanenergy.org\/","logo":{"@type":"ImageObject","inLanguage":"de","@id":"https:\/\/mcecleanenergy.org\/#\/schema\/logo\/image\/","url":"https:\/\/mcecleanenergy.org\/wp-content\/uploads\/2024\/05\/MCE_Logo_Full-Color_RGB_050324.png","contentUrl":"https:\/\/mcecleanenergy.org\/wp-content\/uploads\/2024\/05\/MCE_Logo_Full-Color_RGB_050324.png","width":5001,"height":2986,"caption":"MCE"},"image":{"@id":"https:\/\/mcecleanenergy.org\/#\/schema\/logo\/image\/"},"sameAs":["https:\/\/www.facebook.com\/mceCleanEnergy\/","https:\/\/x.com\/MCECleanEnergy","https:\/\/www.instagram.com\/mcecleanenergy\/","https:\/\/www.linkedin.com\/company\/mcecleanenergy\/","https:\/\/www.youtube.com\/c\/Mcecleanenergy\/","https:\/\/en.wikipedia.org\/wiki\/Community_Choice_Aggregation#Marin_Clean_Energy"]},{"@type":"Person","@id":"https:\/\/mcecleanenergy.org\/#\/schema\/person\/5583eeeccfdd1a6cdaa0c46fdc106315","name":"Madeline Sarvey","image":{"@type":"ImageObject","inLanguage":"de","@id":"https:\/\/secure.gravatar.com\/avatar\/df1707b930f561073f98d20d58ba4ab4b37a8e9615ed41a61e56365b9723a714?s=96&d=mm&r=g","url":"https:\/\/secure.gravatar.com\/avatar\/df1707b930f561073f98d20d58ba4ab4b37a8e9615ed41a61e56365b9723a714?s=96&d=mm&r=g","contentUrl":"https:\/\/secure.gravatar.com\/avatar\/df1707b930f561073f98d20d58ba4ab4b37a8e9615ed41a61e56365b9723a714?s=96&d=mm&r=g","caption":"Madeline Sarvey"},"url":"https:\/\/mcecleanenergy.org\/de\/author\/madeline-s\/"}]}},"_links":{"self":[{"href":"https:\/\/mcecleanenergy.org\/de\/wp-json\/wp\/v2\/posts\/52637","targetHints":{"allow":["GET"]}}],"collection":[{"href":"https:\/\/mcecleanenergy.org\/de\/wp-json\/wp\/v2\/posts"}],"about":[{"href":"https:\/\/mcecleanenergy.org\/de\/wp-json\/wp\/v2\/types\/post"}],"author":[{"embeddable":true,"href":"https:\/\/mcecleanenergy.org\/de\/wp-json\/wp\/v2\/users\/13"}],"replies":[{"embeddable":true,"href":"https:\/\/mcecleanenergy.org\/de\/wp-json\/wp\/v2\/comments?post=52637"}],"version-history":[{"count":0,"href":"https:\/\/mcecleanenergy.org\/de\/wp-json\/wp\/v2\/posts\/52637\/revisions"}],"wp:featuredmedia":[{"embeddable":true,"href":"https:\/\/mcecleanenergy.org\/de\/wp-json\/wp\/v2\/media\/53425"}],"wp:attachment":[{"href":"https:\/\/mcecleanenergy.org\/de\/wp-json\/wp\/v2\/media?parent=52637"}],"wp:term":[{"taxonomy":"category","embeddable":true,"href":"https:\/\/mcecleanenergy.org\/de\/wp-json\/wp\/v2\/categories?post=52637"},{"taxonomy":"post_tag","embeddable":true,"href":"https:\/\/mcecleanenergy.org\/de\/wp-json\/wp\/v2\/tags?post=52637"}],"curies":[{"name":"wp","href":"https:\/\/api.w.org\/{rel}","templated":true}]}}