{"id":40300,"date":"2022-03-28T09:59:21","date_gmt":"2022-03-28T16:59:21","guid":{"rendered":"https:\/\/mcecleanenergy.org\/mce-signs-contract-for-first-local-solar-plus-storage-project\/"},"modified":"2024-06-13T12:05:15","modified_gmt":"2024-06-13T19:05:15","slug":"mce-signs-contract-for-first-local-solar-plus-storage-project","status":"publish","type":"post","link":"https:\/\/mcecleanenergy.org\/es\/mce-signs-contract-for-first-local-solar-plus-storage-project\/","title":{"rendered":"MCE firma el contrato para el primer proyecto de almacenamiento de Local Solar Plus"},"content":{"rendered":"<div data-elementor-type=\"wp-post\" data-elementor-id=\"40300\" class=\"elementor elementor-40300\" data-elementor-post-type=\"post\">\n\t\t\t\t<div data-particle_enable=\"false\" data-particle-mobile-disabled=\"false\" class=\"elementor-element elementor-element-56140035 e-flex e-con-boxed e-con e-parent\" data-id=\"56140035\" data-element_type=\"container\" data-e-type=\"container\" data-settings=\"{&quot;jet_parallax_layout_list&quot;:[]}\">\n\t\t\t\t\t<div class=\"e-con-inner\">\n\t\t\t\t<div class=\"elementor-element elementor-element-9dea068 elementor-widget elementor-widget-text-editor\" data-id=\"9dea068\" data-element_type=\"widget\" data-e-type=\"widget\" data-widget_type=\"text-editor.default\">\n\t\t\t\t<div class=\"elementor-widget-container\">\n\t\t\t\t\t\t\t\t\t<h2>El proyecto solar de 2 MW Ranch Sereno, en el condado de Contra Costa, incluye una bater\u00eda de 800 kW<\/h2><p><strong>PARA SU DIFUSI\u00d3N INMEDIATA<\/strong>\u00a028 de marzo de 2022<\/p><p><strong>Contacto de prensa de la MCE:<\/strong><br \/>Jenna Tenney, Directora de Marketing y Comunicaci\u00f3n<br \/>(925) 378-6747 |\u00a0<a href=\"mailto:communications@mcecleanenergy.org\" target=\"_blank\" rel=\"noopener noreferrer\" data-uw-node-idx=\"861\" data-uw-styling-context=\"true\">communications@mceCleanEnergy.org<\/a><\/p><p><strong>SAN RAFAEL y CONCORD, Calif.<\/strong> - El 23 de febrero de 2022, MCE firm\u00f3 su primer contrato para el almacenamiento local en bater\u00edas en Ranch Sereno, en Byron, en la zona no incorporada del condado de Contra Costa. El proyecto forma parte de <a href=\"https:\/\/mcecleanenergy.org\/es\/feed-in-tariff\/#FITPlus\">Programa Feed-In Tariff Plus de la MCE<\/a> e incluye 2 megavatios de energ\u00eda solar y una bater\u00eda de 800 kilovatios. MCE prev\u00e9 pagar $8 millones por la capacidad de generaci\u00f3n y almacenamiento de energ\u00eda en este emplazamiento durante los pr\u00f3ximos 20 a\u00f1os.<\/p>\t\t\t\t\t\t\t\t<\/div>\n\t\t\t\t<\/div>\n\t\t\t\t\t<\/div>\n\t\t\t\t<\/div>\n\t\t<div data-particle_enable=\"false\" data-particle-mobile-disabled=\"false\" class=\"elementor-element elementor-element-3461bc85 e-flex e-con-boxed e-con e-parent\" data-id=\"3461bc85\" data-element_type=\"container\" data-e-type=\"container\" data-settings=\"{&quot;jet_parallax_layout_list&quot;:[],&quot;background_background&quot;:&quot;classic&quot;}\">\n\t\t\t\t\t<div class=\"e-con-inner\">\n\t\t\t\t<div class=\"elementor-element elementor-element-69877a5e elementor-blockquote--align-left elementor-blockquote--skin-border elementor-widget elementor-widget-blockquote\" data-id=\"69877a5e\" data-element_type=\"widget\" data-e-type=\"widget\" data-widget_type=\"blockquote.default\">\n\t\t\t\t<div class=\"elementor-widget-container\">\n\t\t\t\t\t\t\t<blockquote class=\"elementor-blockquote\">\n\t\t\t<p class=\"elementor-blockquote__content\">\n\t\t\t\t\"MCE requiere almacenamiento de bater\u00edas en todos los nuevos proyectos solares locales para crear una red el\u00e9ctrica m\u00e1s fiable y limpia\", dijo Dawn Weisz, CEO de MCE. \"Los proyectos de almacenamiento de energ\u00eda descentralizados y a peque\u00f1a escala como este son una piedra angular de nuestra transici\u00f3n hacia un futuro de energ\u00eda renovable 100%\".\t\t\t<\/p>\n\t\t\t\t\t<\/blockquote>\n\t\t\t\t\t\t<\/div>\n\t\t\t\t<\/div>\n\t\t\t\t\t<\/div>\n\t\t\t\t<\/div>\n\t\t<div data-particle_enable=\"false\" data-particle-mobile-disabled=\"false\" class=\"elementor-element elementor-element-6b9db87 e-flex e-con-boxed e-con e-parent\" data-id=\"6b9db87\" data-element_type=\"container\" data-e-type=\"container\" data-settings=\"{&quot;jet_parallax_layout_list&quot;:[]}\">\n\t\t\t\t\t<div class=\"e-con-inner\">\n\t\t\t\t<div class=\"elementor-element elementor-element-795c04b elementor-widget elementor-widget-text-editor\" data-id=\"795c04b\" data-element_type=\"widget\" data-e-type=\"widget\" data-widget_type=\"text-editor.default\">\n\t\t\t\t<div class=\"elementor-widget-container\">\n\t\t\t\t\t\t\t\t\t<p>El proyecto Ranch Sereno generar\u00e1 electricidad suficiente para abastecer a m\u00e1s de 800 hogares al a\u00f1o e incluir\u00e1 almacenamiento con capacidad de despacho de 4 horas. La energ\u00eda generada por el proyecto solar se almacenar\u00e1 durante el d\u00eda, cuando los precios de la demanda son bajos, y se descargar\u00e1 durante las horas de mayor demanda, de 16.00 a 21.00. Esto reducir\u00e1 los costes para los clientes de MCE y aumentar\u00e1 la fiabilidad de la red local. Con la incorporaci\u00f3n de Ranch Sereno, MCE cuenta ahora con m\u00e1s de 135 MW (615 MWh) de almacenamiento en bater\u00edas bajo contrato.<\/p><p>El programa Feed-In Tariff de MCE tambi\u00e9n incluye requisitos para la mano de obra sindical, el salario prevaleciente, la contrataci\u00f3n local 50% para los trabajadores del proyecto y una cubierta vegetal respetuosa con los polinizadores en todo el emplazamiento del proyecto. Estos requisitos adicionales del programa ayudan a MCE a profundizar nuestra inversi\u00f3n en la econom\u00eda de la energ\u00eda limpia y a fomentar la biodiversidad local.<\/p><p>Conozca otros proyectos locales de la MCE en <a href=\"https:\/\/mcecleanenergy.org\/es\/local-projects\/\">mceCleanEnergy.org\/proyectos-locales\/<\/a><\/p><p style=\"text-align: center;\">###<\/p><p><em>Informaci\u00f3n acerca de MCE:<\/em> <em>MCE es una innovadora agencia p\u00fablica sin \u00e1nimo de lucro que lleva marcando la pauta de la energ\u00eda limpia en nuestras comunidades desde 2010.  MCE ofrece m\u00e1s energ\u00eda renovable a precios estables, lo que reduce significativamente las emisiones de efecto invernadero relacionadas con la energ\u00eda y permite reinvertir millones de d\u00f3lares en programas energ\u00e9ticos locales. MCE es una entidad de servicio de carga que soporta una carga m\u00e1xima de 1.200 MW. MCE proporciona servicio el\u00e9ctrico y programas innovadores a m\u00e1s de 540.000 cuentas de clientes y a m\u00e1s de un mill\u00f3n de residentes y empresas en 37 comunidades miembro de cuatro condados del \u00c1rea de la Bah\u00eda: Contra Costa, Marin, Napa y Solano. Para m\u00e1s informaci\u00f3n sobre MCE, visite <\/em><em><a href=\"https:\/\/mcecleanenergy.org\/es\/\">mceEnerg\u00edaLimpia.org<\/a>o s\u00edganos en <a href=\"https:\/\/www.facebook.com\/mceCleanEnergy\" target=\"_blank\" rel=\"noopener\">Facebook<\/a>, <a href=\"https:\/\/www.linkedin.com\/company\/mcecleanenergy\/\" target=\"_blank\" rel=\"noopener\">LinkedIn<\/a>, <a href=\"https:\/\/twitter.com\/mcecleanenergy?lang=en\" target=\"_blank\" rel=\"noopener\">Twitter<\/a> y <a href=\"https:\/\/www.instagram.com\/mcecleanenergy\/?hl=en\" target=\"_blank\" rel=\"noopener\">Instagram<\/a>.<\/em><\/p><p><a href=\"https:\/\/mcecleanenergy.org\/wp-content\/uploads\/2022\/03\/MCE-Signs-Contract-for-First-Local-Solar-Plus-Storage-Project.pdf\" target=\"_blank\" rel=\"noopener\">Descargar comunicado de prensa<\/a> (pdf)<\/p>\t\t\t\t\t\t\t\t<\/div>\n\t\t\t\t<\/div>\n\t\t\t\t\t<\/div>\n\t\t\t\t<\/div>\n\t\t\t\t<\/div>","protected":false},"excerpt":{"rendered":"<p>Ranch Sereno 2 MW Solar Project in Contra Costa County Includes 800 kW Battery FOR IMMEDIATE RELEASE\u00a0March 28, 2022 MCE Press Contact:Jenna Tenney, Marketing &amp; Communications Manager(925) 378-6747 |\u00a0communications@mceCleanEnergy.org SAN [&hellip;]<\/p>\n","protected":false},"author":2,"featured_media":40301,"comment_status":"open","ping_status":"open","sticky":false,"template":"elementor_theme","format":"standard","meta":{"_acf_changed":false,"_searchwp_excluded":"","footnotes":""},"categories":[29],"tags":[382],"class_list":["post-40300","post","type-post","status-publish","format-standard","has-post-thumbnail","hentry","category-press-releases","tag-energy-storage"],"acf":[],"yoast_head":"<!-- This site is optimized with the Yoast SEO Premium plugin v27.4 (Yoast SEO v27.4) - https:\/\/yoast.com\/product\/yoast-seo-premium-wordpress\/ -->\n<title>MCE Signs Contract for First Local Solar Plus Storage Project - Press Release<\/title>\n<meta name=\"robots\" content=\"index, follow, max-snippet:-1, max-image-preview:large, max-video-preview:-1\" \/>\n<link rel=\"canonical\" href=\"https:\/\/mcecleanenergy.org\/es\/mce-signs-contract-for-first-local-solar-plus-storage-project\/\" \/>\n<meta property=\"og:locale\" content=\"es_MX\" \/>\n<meta property=\"og:type\" content=\"article\" \/>\n<meta property=\"og:title\" content=\"MCE Signs Contract for First Local Solar Plus Storage Project\" \/>\n<meta property=\"og:description\" content=\"Ranch Sereno 2 MW Solar Project in Contra Costa County Includes 800 kW BatteryFOR IMMEDIATE RELEASE\u00a0March 28, 2022MCE Press Contact:Jenna Tenney,\" \/>\n<meta property=\"og:url\" content=\"https:\/\/mcecleanenergy.org\/es\/mce-signs-contract-for-first-local-solar-plus-storage-project\/\" \/>\n<meta property=\"og:site_name\" content=\"MCE \u2013 Community Choice Energy\" \/>\n<meta property=\"article:publisher\" content=\"https:\/\/www.facebook.com\/mceCleanEnergy\/\" \/>\n<meta property=\"article:published_time\" content=\"2022-03-28T16:59:21+00:00\" \/>\n<meta property=\"article:modified_time\" content=\"2024-06-13T19:05:15+00:00\" \/>\n<meta property=\"og:image\" content=\"https:\/\/mcecleanenergy.org\/wp-content\/uploads\/2024\/05\/rancho-sereno-press-release-min.png\" \/>\n\t<meta property=\"og:image:width\" content=\"1100\" \/>\n\t<meta property=\"og:image:height\" content=\"440\" \/>\n\t<meta property=\"og:image:type\" content=\"image\/png\" \/>\n<meta name=\"author\" content=\"Rohan\" \/>\n<meta name=\"twitter:card\" content=\"summary_large_image\" \/>\n<meta name=\"twitter:creator\" content=\"@MCECleanEnergy\" \/>\n<meta name=\"twitter:site\" content=\"@MCECleanEnergy\" \/>\n<meta name=\"twitter:label1\" content=\"Escrito por\" \/>\n\t<meta name=\"twitter:data1\" content=\"Rohan\" \/>\n\t<meta name=\"twitter:label2\" content=\"Tiempo de lectura\" \/>\n\t<meta name=\"twitter:data2\" content=\"2 minutos\" \/>\n<script type=\"application\/ld+json\" class=\"yoast-schema-graph\">{\"@context\":\"https:\\\/\\\/schema.org\",\"@graph\":[{\"@type\":\"Article\",\"@id\":\"https:\\\/\\\/mcecleanenergy.org\\\/mce-signs-contract-for-first-local-solar-plus-storage-project\\\/#article\",\"isPartOf\":{\"@id\":\"https:\\\/\\\/mcecleanenergy.org\\\/mce-signs-contract-for-first-local-solar-plus-storage-project\\\/\"},\"author\":{\"name\":\"Rohan\",\"@id\":\"https:\\\/\\\/mcecleanenergy.org\\\/#\\\/schema\\\/person\\\/8ce2f62799413aaa2b6868dc9b471748\"},\"headline\":\"MCE Signs Contract for First Local Solar Plus Storage Project\",\"datePublished\":\"2022-03-28T16:59:21+00:00\",\"dateModified\":\"2024-06-13T19:05:15+00:00\",\"mainEntityOfPage\":{\"@id\":\"https:\\\/\\\/mcecleanenergy.org\\\/mce-signs-contract-for-first-local-solar-plus-storage-project\\\/\"},\"wordCount\":396,\"commentCount\":0,\"publisher\":{\"@id\":\"https:\\\/\\\/mcecleanenergy.org\\\/#organization\"},\"image\":{\"@id\":\"https:\\\/\\\/mcecleanenergy.org\\\/mce-signs-contract-for-first-local-solar-plus-storage-project\\\/#primaryimage\"},\"thumbnailUrl\":\"https:\\\/\\\/mcecleanenergy.org\\\/wp-content\\\/uploads\\\/2024\\\/05\\\/rancho-sereno-press-release-min.png\",\"keywords\":[\"energy storage\"],\"articleSection\":[\"Press Releases\"],\"inLanguage\":\"es\",\"potentialAction\":[{\"@type\":\"CommentAction\",\"name\":\"Comment\",\"target\":[\"https:\\\/\\\/mcecleanenergy.org\\\/mce-signs-contract-for-first-local-solar-plus-storage-project\\\/#respond\"]}]},{\"@type\":\"WebPage\",\"@id\":\"https:\\\/\\\/mcecleanenergy.org\\\/mce-signs-contract-for-first-local-solar-plus-storage-project\\\/\",\"url\":\"https:\\\/\\\/mcecleanenergy.org\\\/mce-signs-contract-for-first-local-solar-plus-storage-project\\\/\",\"name\":\"MCE Signs Contract for First Local Solar Plus Storage Project - Press Release\",\"isPartOf\":{\"@id\":\"https:\\\/\\\/mcecleanenergy.org\\\/#website\"},\"primaryImageOfPage\":{\"@id\":\"https:\\\/\\\/mcecleanenergy.org\\\/mce-signs-contract-for-first-local-solar-plus-storage-project\\\/#primaryimage\"},\"image\":{\"@id\":\"https:\\\/\\\/mcecleanenergy.org\\\/mce-signs-contract-for-first-local-solar-plus-storage-project\\\/#primaryimage\"},\"thumbnailUrl\":\"https:\\\/\\\/mcecleanenergy.org\\\/wp-content\\\/uploads\\\/2024\\\/05\\\/rancho-sereno-press-release-min.png\",\"datePublished\":\"2022-03-28T16:59:21+00:00\",\"dateModified\":\"2024-06-13T19:05:15+00:00\",\"breadcrumb\":{\"@id\":\"https:\\\/\\\/mcecleanenergy.org\\\/mce-signs-contract-for-first-local-solar-plus-storage-project\\\/#breadcrumb\"},\"inLanguage\":\"es\",\"potentialAction\":[{\"@type\":\"ReadAction\",\"target\":[\"https:\\\/\\\/mcecleanenergy.org\\\/mce-signs-contract-for-first-local-solar-plus-storage-project\\\/\"]}]},{\"@type\":\"ImageObject\",\"inLanguage\":\"es\",\"@id\":\"https:\\\/\\\/mcecleanenergy.org\\\/mce-signs-contract-for-first-local-solar-plus-storage-project\\\/#primaryimage\",\"url\":\"https:\\\/\\\/mcecleanenergy.org\\\/wp-content\\\/uploads\\\/2024\\\/05\\\/rancho-sereno-press-release-min.png\",\"contentUrl\":\"https:\\\/\\\/mcecleanenergy.org\\\/wp-content\\\/uploads\\\/2024\\\/05\\\/rancho-sereno-press-release-min.png\",\"width\":1100,\"height\":440},{\"@type\":\"BreadcrumbList\",\"@id\":\"https:\\\/\\\/mcecleanenergy.org\\\/mce-signs-contract-for-first-local-solar-plus-storage-project\\\/#breadcrumb\",\"itemListElement\":[{\"@type\":\"ListItem\",\"position\":1,\"name\":\"Home\",\"item\":\"https:\\\/\\\/mcecleanenergy.org\\\/\"},{\"@type\":\"ListItem\",\"position\":2,\"name\":\"MCE Signs Contract for First Local Solar Plus Storage Project\"}]},{\"@type\":\"WebSite\",\"@id\":\"https:\\\/\\\/mcecleanenergy.org\\\/#website\",\"url\":\"https:\\\/\\\/mcecleanenergy.org\\\/\",\"name\":\"MCE \u2013 Community Choice Energy\",\"description\":\"\",\"publisher\":{\"@id\":\"https:\\\/\\\/mcecleanenergy.org\\\/#organization\"},\"potentialAction\":[{\"@type\":\"SearchAction\",\"target\":{\"@type\":\"EntryPoint\",\"urlTemplate\":\"https:\\\/\\\/mcecleanenergy.org\\\/?s={search_term_string}\"},\"query-input\":{\"@type\":\"PropertyValueSpecification\",\"valueRequired\":true,\"valueName\":\"search_term_string\"}}],\"inLanguage\":\"es\"},{\"@type\":\"Organization\",\"@id\":\"https:\\\/\\\/mcecleanenergy.org\\\/#organization\",\"name\":\"MCE\",\"url\":\"https:\\\/\\\/mcecleanenergy.org\\\/\",\"logo\":{\"@type\":\"ImageObject\",\"inLanguage\":\"es\",\"@id\":\"https:\\\/\\\/mcecleanenergy.org\\\/#\\\/schema\\\/logo\\\/image\\\/\",\"url\":\"https:\\\/\\\/mcecleanenergy.org\\\/wp-content\\\/uploads\\\/2024\\\/05\\\/MCE_Logo_Full-Color_RGB_050324.png\",\"contentUrl\":\"https:\\\/\\\/mcecleanenergy.org\\\/wp-content\\\/uploads\\\/2024\\\/05\\\/MCE_Logo_Full-Color_RGB_050324.png\",\"width\":5001,\"height\":2986,\"caption\":\"MCE\"},\"image\":{\"@id\":\"https:\\\/\\\/mcecleanenergy.org\\\/#\\\/schema\\\/logo\\\/image\\\/\"},\"sameAs\":[\"https:\\\/\\\/www.facebook.com\\\/mceCleanEnergy\\\/\",\"https:\\\/\\\/x.com\\\/MCECleanEnergy\",\"https:\\\/\\\/www.instagram.com\\\/mcecleanenergy\\\/\",\"https:\\\/\\\/www.linkedin.com\\\/company\\\/mcecleanenergy\\\/\",\"https:\\\/\\\/www.youtube.com\\\/c\\\/Mcecleanenergy\\\/\",\"https:\\\/\\\/en.wikipedia.org\\\/wiki\\\/Community_Choice_Aggregation#Marin_Clean_Energy\"]},{\"@type\":\"Person\",\"@id\":\"https:\\\/\\\/mcecleanenergy.org\\\/#\\\/schema\\\/person\\\/8ce2f62799413aaa2b6868dc9b471748\",\"name\":\"Rohan\",\"image\":{\"@type\":\"ImageObject\",\"inLanguage\":\"es\",\"@id\":\"https:\\\/\\\/secure.gravatar.com\\\/avatar\\\/08c0249ed3a34e3695a3cb94fc48aa840d636d2ba6af19ac1dd65e5303c3c992?s=96&d=mm&r=g\",\"url\":\"https:\\\/\\\/secure.gravatar.com\\\/avatar\\\/08c0249ed3a34e3695a3cb94fc48aa840d636d2ba6af19ac1dd65e5303c3c992?s=96&d=mm&r=g\",\"contentUrl\":\"https:\\\/\\\/secure.gravatar.com\\\/avatar\\\/08c0249ed3a34e3695a3cb94fc48aa840d636d2ba6af19ac1dd65e5303c3c992?s=96&d=mm&r=g\",\"caption\":\"Rohan\"},\"url\":\"https:\\\/\\\/mcecleanenergy.org\\\/es\\\/author\\\/rohan\\\/\"}]}<\/script>\n<!-- \/ Yoast SEO Premium plugin. -->","yoast_head_json":{"title":"MCE Signs Contract for First Local Solar Plus Storage Project - Press Release","robots":{"index":"index","follow":"follow","max-snippet":"max-snippet:-1","max-image-preview":"max-image-preview:large","max-video-preview":"max-video-preview:-1"},"canonical":"https:\/\/mcecleanenergy.org\/es\/mce-signs-contract-for-first-local-solar-plus-storage-project\/","og_locale":"es_MX","og_type":"article","og_title":"MCE Signs Contract for First Local Solar Plus Storage Project","og_description":"Ranch Sereno 2 MW Solar Project in Contra Costa County Includes 800 kW BatteryFOR IMMEDIATE RELEASE\u00a0March 28, 2022MCE Press Contact:Jenna Tenney,","og_url":"https:\/\/mcecleanenergy.org\/es\/mce-signs-contract-for-first-local-solar-plus-storage-project\/","og_site_name":"MCE \u2013 Community Choice Energy","article_publisher":"https:\/\/www.facebook.com\/mceCleanEnergy\/","article_published_time":"2022-03-28T16:59:21+00:00","article_modified_time":"2024-06-13T19:05:15+00:00","og_image":[{"width":1100,"height":440,"url":"https:\/\/mcecleanenergy.org\/wp-content\/uploads\/2024\/05\/rancho-sereno-press-release-min.png","type":"image\/png"}],"author":"Rohan","twitter_card":"summary_large_image","twitter_creator":"@MCECleanEnergy","twitter_site":"@MCECleanEnergy","twitter_misc":{"Escrito por":"Rohan","Tiempo de lectura":"2 minutos"},"schema":{"@context":"https:\/\/schema.org","@graph":[{"@type":"Article","@id":"https:\/\/mcecleanenergy.org\/mce-signs-contract-for-first-local-solar-plus-storage-project\/#article","isPartOf":{"@id":"https:\/\/mcecleanenergy.org\/mce-signs-contract-for-first-local-solar-plus-storage-project\/"},"author":{"name":"Rohan","@id":"https:\/\/mcecleanenergy.org\/#\/schema\/person\/8ce2f62799413aaa2b6868dc9b471748"},"headline":"MCE Signs Contract for First Local Solar Plus Storage Project","datePublished":"2022-03-28T16:59:21+00:00","dateModified":"2024-06-13T19:05:15+00:00","mainEntityOfPage":{"@id":"https:\/\/mcecleanenergy.org\/mce-signs-contract-for-first-local-solar-plus-storage-project\/"},"wordCount":396,"commentCount":0,"publisher":{"@id":"https:\/\/mcecleanenergy.org\/#organization"},"image":{"@id":"https:\/\/mcecleanenergy.org\/mce-signs-contract-for-first-local-solar-plus-storage-project\/#primaryimage"},"thumbnailUrl":"https:\/\/mcecleanenergy.org\/wp-content\/uploads\/2024\/05\/rancho-sereno-press-release-min.png","keywords":["energy storage"],"articleSection":["Press Releases"],"inLanguage":"es","potentialAction":[{"@type":"CommentAction","name":"Comment","target":["https:\/\/mcecleanenergy.org\/mce-signs-contract-for-first-local-solar-plus-storage-project\/#respond"]}]},{"@type":"WebPage","@id":"https:\/\/mcecleanenergy.org\/mce-signs-contract-for-first-local-solar-plus-storage-project\/","url":"https:\/\/mcecleanenergy.org\/mce-signs-contract-for-first-local-solar-plus-storage-project\/","name":"MCE Signs Contract for First Local Solar Plus Storage Project - Press Release","isPartOf":{"@id":"https:\/\/mcecleanenergy.org\/#website"},"primaryImageOfPage":{"@id":"https:\/\/mcecleanenergy.org\/mce-signs-contract-for-first-local-solar-plus-storage-project\/#primaryimage"},"image":{"@id":"https:\/\/mcecleanenergy.org\/mce-signs-contract-for-first-local-solar-plus-storage-project\/#primaryimage"},"thumbnailUrl":"https:\/\/mcecleanenergy.org\/wp-content\/uploads\/2024\/05\/rancho-sereno-press-release-min.png","datePublished":"2022-03-28T16:59:21+00:00","dateModified":"2024-06-13T19:05:15+00:00","breadcrumb":{"@id":"https:\/\/mcecleanenergy.org\/mce-signs-contract-for-first-local-solar-plus-storage-project\/#breadcrumb"},"inLanguage":"es","potentialAction":[{"@type":"ReadAction","target":["https:\/\/mcecleanenergy.org\/mce-signs-contract-for-first-local-solar-plus-storage-project\/"]}]},{"@type":"ImageObject","inLanguage":"es","@id":"https:\/\/mcecleanenergy.org\/mce-signs-contract-for-first-local-solar-plus-storage-project\/#primaryimage","url":"https:\/\/mcecleanenergy.org\/wp-content\/uploads\/2024\/05\/rancho-sereno-press-release-min.png","contentUrl":"https:\/\/mcecleanenergy.org\/wp-content\/uploads\/2024\/05\/rancho-sereno-press-release-min.png","width":1100,"height":440},{"@type":"BreadcrumbList","@id":"https:\/\/mcecleanenergy.org\/mce-signs-contract-for-first-local-solar-plus-storage-project\/#breadcrumb","itemListElement":[{"@type":"ListItem","position":1,"name":"Home","item":"https:\/\/mcecleanenergy.org\/"},{"@type":"ListItem","position":2,"name":"MCE Signs Contract for First Local Solar Plus Storage Project"}]},{"@type":"WebSite","@id":"https:\/\/mcecleanenergy.org\/#website","url":"https:\/\/mcecleanenergy.org\/","name":"MCE - Elecci\u00f3n comunitaria de la energ\u00eda","description":"","publisher":{"@id":"https:\/\/mcecleanenergy.org\/#organization"},"potentialAction":[{"@type":"SearchAction","target":{"@type":"EntryPoint","urlTemplate":"https:\/\/mcecleanenergy.org\/?s={search_term_string}"},"query-input":{"@type":"PropertyValueSpecification","valueRequired":true,"valueName":"search_term_string"}}],"inLanguage":"es"},{"@type":"Organization","@id":"https:\/\/mcecleanenergy.org\/#organization","name":"MCE","url":"https:\/\/mcecleanenergy.org\/","logo":{"@type":"ImageObject","inLanguage":"es","@id":"https:\/\/mcecleanenergy.org\/#\/schema\/logo\/image\/","url":"https:\/\/mcecleanenergy.org\/wp-content\/uploads\/2024\/05\/MCE_Logo_Full-Color_RGB_050324.png","contentUrl":"https:\/\/mcecleanenergy.org\/wp-content\/uploads\/2024\/05\/MCE_Logo_Full-Color_RGB_050324.png","width":5001,"height":2986,"caption":"MCE"},"image":{"@id":"https:\/\/mcecleanenergy.org\/#\/schema\/logo\/image\/"},"sameAs":["https:\/\/www.facebook.com\/mceCleanEnergy\/","https:\/\/x.com\/MCECleanEnergy","https:\/\/www.instagram.com\/mcecleanenergy\/","https:\/\/www.linkedin.com\/company\/mcecleanenergy\/","https:\/\/www.youtube.com\/c\/Mcecleanenergy\/","https:\/\/en.wikipedia.org\/wiki\/Community_Choice_Aggregation#Marin_Clean_Energy"]},{"@type":"Person","@id":"https:\/\/mcecleanenergy.org\/#\/schema\/person\/8ce2f62799413aaa2b6868dc9b471748","name":"Rohan","image":{"@type":"ImageObject","inLanguage":"es","@id":"https:\/\/secure.gravatar.com\/avatar\/08c0249ed3a34e3695a3cb94fc48aa840d636d2ba6af19ac1dd65e5303c3c992?s=96&d=mm&r=g","url":"https:\/\/secure.gravatar.com\/avatar\/08c0249ed3a34e3695a3cb94fc48aa840d636d2ba6af19ac1dd65e5303c3c992?s=96&d=mm&r=g","contentUrl":"https:\/\/secure.gravatar.com\/avatar\/08c0249ed3a34e3695a3cb94fc48aa840d636d2ba6af19ac1dd65e5303c3c992?s=96&d=mm&r=g","caption":"Rohan"},"url":"https:\/\/mcecleanenergy.org\/es\/author\/rohan\/"}]}},"_links":{"self":[{"href":"https:\/\/mcecleanenergy.org\/es\/wp-json\/wp\/v2\/posts\/40300","targetHints":{"allow":["GET"]}}],"collection":[{"href":"https:\/\/mcecleanenergy.org\/es\/wp-json\/wp\/v2\/posts"}],"about":[{"href":"https:\/\/mcecleanenergy.org\/es\/wp-json\/wp\/v2\/types\/post"}],"author":[{"embeddable":true,"href":"https:\/\/mcecleanenergy.org\/es\/wp-json\/wp\/v2\/users\/2"}],"replies":[{"embeddable":true,"href":"https:\/\/mcecleanenergy.org\/es\/wp-json\/wp\/v2\/comments?post=40300"}],"version-history":[{"count":0,"href":"https:\/\/mcecleanenergy.org\/es\/wp-json\/wp\/v2\/posts\/40300\/revisions"}],"wp:featuredmedia":[{"embeddable":true,"href":"https:\/\/mcecleanenergy.org\/es\/wp-json\/wp\/v2\/media\/40301"}],"wp:attachment":[{"href":"https:\/\/mcecleanenergy.org\/es\/wp-json\/wp\/v2\/media?parent=40300"}],"wp:term":[{"taxonomy":"category","embeddable":true,"href":"https:\/\/mcecleanenergy.org\/es\/wp-json\/wp\/v2\/categories?post=40300"},{"taxonomy":"post_tag","embeddable":true,"href":"https:\/\/mcecleanenergy.org\/es\/wp-json\/wp\/v2\/tags?post=40300"}],"curies":[{"name":"wp","href":"https:\/\/api.w.org\/{rel}","templated":true}]}}