{"id":40598,"date":"2024-05-14T10:01:17","date_gmt":"2024-05-14T17:01:17","guid":{"rendered":"https:\/\/mcecleanenergy.org\/bike-to-work-day-mce-staff-spotlight\/"},"modified":"2024-06-08T22:15:15","modified_gmt":"2024-06-09T05:15:15","slug":"bike-to-work-day-mce-staff-spotlight","status":"publish","type":"post","link":"https:\/\/mcecleanenergy.org\/es\/bike-to-work-day-mce-staff-spotlight\/","title":{"rendered":"D\u00eda de la bicicleta al trabajo: MCE Staff Spotlight"},"content":{"rendered":"<div data-elementor-type=\"wp-post\" data-elementor-id=\"40598\" class=\"elementor elementor-40598\" data-elementor-post-type=\"post\">\n\t\t\t\t<div data-particle_enable=\"false\" data-particle-mobile-disabled=\"false\" class=\"elementor-element elementor-element-75be68e0 e-flex e-con-boxed e-con e-parent\" data-id=\"75be68e0\" data-element_type=\"container\" data-e-type=\"container\" data-settings=\"{&quot;jet_parallax_layout_list&quot;:[]}\">\n\t\t\t\t\t<div class=\"e-con-inner\">\n\t\t\t\t<div class=\"elementor-element elementor-element-3e6890a4 elementor-widget elementor-widget-text-editor\" data-id=\"3e6890a4\" data-element_type=\"widget\" data-e-type=\"widget\" data-widget_type=\"text-editor.default\">\n\t\t\t\t<div class=\"elementor-widget-container\">\n\t\t\t\t\t\t\t\t\t<h5><strong>Mayo es el Mes Nacional de la Bicicleta. Sus or\u00edgenes se remontan a la defensa del ciclismo, y se ha convertido en un acontecimiento anual ampliamente celebrado que promueve los beneficios de la bicicleta para las personas, las comunidades y el medio ambiente.<\/strong><\/h5>\n<p>En 2022, 66% de los trabajadores de California iban solos en coche al trabajo y <a href=\"https:\/\/www.bts.gov\/browse-statistical-products-and-data\/state-transportation-statistics\/commute-mode\" target=\"_blank\" rel=\"noopener\">inferior a 1%<\/a> se desplazan en bicicleta. El coste medio anual de poseer y utilizar un coche nuevo en<a href=\"https:\/\/newsroom.aaa.com\/2023\/08\/annual-new-car-ownership-costs-boil-over-12k\/\" target=\"_blank\" rel=\"noopener\"> 2023 es $12,182<\/a>Por eso animamos a la gente a plantearse modos alternativos de desplazarse al trabajo. Ir en bici al trabajo te beneficiar\u00e1 porque ahorrar\u00e1s combustible, reducir\u00e1s las emisiones de los veh\u00edculos y mejorar\u00e1s tu bienestar personal.<\/p>\n<p>Con motivo del D\u00eda de la Bicicleta al Trabajo, el 17 de mayo, hemos pedido a los miembros del equipo de MCE que se desplazan en bicicleta que compartan sus historias. Esperamos que otros se sientan inspirados para salir a la carretera sobre dos ruedas y experimentar las ventajas de ir al trabajo en bicicleta.<\/p>\n<p><span style=\"color: var( --e-global-color-primary ); font-family: var( --e-global-typography-d97a65c-font-family ), Sans-serif; font-size: 35px; font-weight: var( --e-global-typography-d97a65c-font-weight ); letter-spacing: var( --e-global-typography-d97a65c-letter-spacing ); word-spacing: var( --e-global-typography-d97a65c-word-spacing ); text-align: var(--text-align);\"><br><\/span><\/p><p><span style=\"color: var( --e-global-color-primary ); font-family: var( --e-global-typography-d97a65c-font-family ), Sans-serif; font-size: 35px; font-weight: var( --e-global-typography-d97a65c-font-weight ); letter-spacing: var( --e-global-typography-d97a65c-letter-spacing ); word-spacing: var( --e-global-typography-d97a65c-word-spacing ); text-align: var(--text-align);\">Daniel Settlemyer, Asociado de Operaciones Internas<\/span><br><\/p>\n<p>Con lo cara que est\u00e1 la gasolina, no tiene sentido que conduzca si no es necesario. El problema es que vivo en una colina bastante empinada a las afueras del centro de San Rafael. As\u00ed que cuando MCE ofreci\u00f3 a sus empleados un <a href=\"https:\/\/511.org\/employers\/commuter-benefits-program\" target=\"_blank\" rel=\"noopener\">incentivo para ir en bici al trabajo<\/a>Decid\u00ed que adquirir una bicicleta el\u00e9ctrica ser\u00eda una forma econ\u00f3mica de reducir costes, disminuir mi huella de carbono y desplazarme con facilidad.<\/p>\n<p>No me hab\u00eda dado cuenta de lo divertido que es y de lo mucho que prefiero ir en bici a conducir. Despu\u00e9s de 10 meses y 1.100 millas, he cambiado completamente mis h\u00e1bitos de transporte para incluir mi e-bike. Incluso tengo bolsas impermeables que se ocupan de mis necesidades de comestibles. Es genial poder ir a Trader Joe's sin preocuparme por el claustrof\u00f3bico aparcamiento.<\/p>\n<p>Mi ruta es incre\u00edble. Todos los d\u00edas empiezo mi recorrido bajando a toda velocidad por mi colina con vistas del norte de San Rafael y el monte Tamalpais al fondo. Ahora que es primavera, pedaleo entre flores y capullos por todas partes. Cuando estoy en la ciudad, tengo una perspectiva totalmente inmersiva porque no hay ninguna barrera entre el resto del mundo y yo. Me encanta.<\/p>\n<p><span style=\"color: var( --e-global-color-primary ); font-family: var( --e-global-typography-d97a65c-font-family ), Sans-serif; font-size: 35px; font-weight: var( --e-global-typography-d97a65c-font-weight ); letter-spacing: var( --e-global-typography-d97a65c-letter-spacing ); word-spacing: var( --e-global-typography-d97a65c-word-spacing ); text-align: var(--text-align);\"><br><\/span><\/p><p><span style=\"color: var( --e-global-color-primary ); font-family: var( --e-global-typography-d97a65c-font-family ), Sans-serif; font-size: 35px; font-weight: var( --e-global-typography-d97a65c-font-weight ); letter-spacing: var( --e-global-typography-d97a65c-letter-spacing ); word-spacing: var( --e-global-typography-d97a65c-word-spacing ); text-align: var(--text-align);\">Justine Parmelee, Directora de Operaciones Internas<\/span><br><\/p>\n<p>Me motiv\u00f3 empezar a ir en bici al trabajo una combinaci\u00f3n de factores. Mi colega Dan iba al trabajo en bici con regularidad y siempre parec\u00eda m\u00e1s contento y en\u00e9rgico por ello. El a\u00f1o pasado, en el D\u00eda del Aire Limpio, me qued\u00e9 admirando la bicicleta el\u00e9ctrica que hab\u00eda expuesta. Me inform\u00e9 sobre las ventajas de desplazarse al trabajo y descubr\u00ed que combin\u00e1ndolas con <a href=\"https:\/\/511contracosta.org\/incentives\/\" target=\"_blank\" rel=\"noopener\">511 Incentivos Contra Costa<\/a> har\u00eda asequible el coste de una e-bike. El fin de semana siguiente compr\u00e9 una Trek Verve+.<\/p>\n<p>Sab\u00eda que el ciclismo ten\u00eda beneficios cardiovasculares, \u00a1pero no sab\u00eda que hac\u00edan efecto tan r\u00e1pido! El senderismo es mi pasi\u00f3n. Estaba entrenando en una ruta con una gran cuesta en la que ten\u00eda que hacer dos o tres descansos para recuperar el aliento. Despu\u00e9s de dos semanas en bicicleta, sub\u00ed r\u00e1pidamente hasta la cima sin necesidad de hacer ninguna pausa. No dejes de practicar ciclismo como entrenamiento cruzado.<\/p>\n<p>Los conejitos son un disfrute inesperado de ir en bici al trabajo. Tengo la suerte de que unos 8 km de mi trayecto al trabajo transcurren por un carril protegido para peatones y ciclistas. Una parte atraviesa barrios y otra tierras de cultivo y parques. En mi primer trayecto, me encontr\u00e9 con conejos saltando por los tramos m\u00e1s alejados de la ruta. \u00a1Qu\u00e9 buena manera de empezar el d\u00eda!<\/p><p><br><\/p>\n<p><span style=\"font-family: var( --e-global-typography-d97a65c-font-family ), Sans-serif; text-align: var(--text-align); word-spacing: var( --e-global-typography-d97a65c-word-spacing ); letter-spacing: var( --e-global-typography-d97a65c-letter-spacing ); font-weight: var( --e-global-typography-d97a65c-font-weight ); font-size: 35px; color: var( --e-global-color-primary );\">Alex Valenti, Director de Programas para Clientes<\/span><br><\/p>\n<p>Motivarse para ir en bici al trabajo es f\u00e1cil, sobre todo ahora que ha llegado la primavera. Me encanta cualquier oportunidad para salir en bici, y con la vuelta del buen tiempo no hay mejor manera de ir a la oficina.<\/p>\n<p>Un beneficio inesperado que he notado los d\u00edas que voy en bici al trabajo es que el ejercicio me da un impulso de energ\u00eda y motivaci\u00f3n. Salir al aire libre tambi\u00e9n me permite despejar la mente antes de llegar al trabajo.<\/p>\n<p>Cruzo sobre el <a href=\"https:\/\/mtc.ca.gov\/operations\/programs-projects\/bridges\/richmond-san-rafael-bridge\/richmond-san-rafael-bridge-path\" target=\"_blank\" rel=\"noopener\">Puente Richmond-San Rafael<\/a> cuando voy en bici a la oficina y las vistas son impresionantes. El descenso tambi\u00e9n es emocionante, \u00a1sobre todo cuando me adelanto al tr\u00e1fico de coches en la carretera!<\/p>\n<p>\u00danase a miles de ciclistas del \u00c1rea de la Bah\u00eda durante el Mes Nacional de la Bicicleta para celebrar el placer de ir en bici. Aqu\u00ed tienes recursos para encontrar eventos en tu zona:<\/p>\n<ul>\n<li>Contra Costa: <a href=\"https:\/\/bikeeastbay.org\/btwd\/\" target=\"_blank\" rel=\"noopener\">https:\/\/bikeeastbay.org<\/a><\/li>\n<li>Marin: <a href=\"https:\/\/marinbike.org\/\" target=\"_blank\" rel=\"noopener\">https:\/\/marinbike.org<\/a><\/li>\n<li>Napa: <a href=\"https:\/\/napabike.org\/\" target=\"_blank\" rel=\"noopener\">https:\/\/napabike.org<\/a><\/li>\n<li>Solano: <a href=\"https:\/\/www.solanomobility.org\/\" target=\"_blank\" rel=\"noopener\">https:\/\/www.solanomobility.org<\/a><\/li>\n<\/ul>\t\t\t\t\t\t\t\t<\/div>\n\t\t\t\t<\/div>\n\t\t\t\t\t<\/div>\n\t\t\t\t<\/div>\n\t\t\t\t<\/div>","protected":false},"excerpt":{"rendered":"<p>May is National Bike Month. Its roots come from cycling advocacy, and it has grown into a widely celebrated annual event that promotes the benefits of biking for individuals, communities, [&hellip;]<\/p>\n","protected":false},"author":2,"featured_media":40599,"comment_status":"open","ping_status":"open","sticky":false,"template":"elementor_theme","format":"standard","meta":{"_acf_changed":false,"_searchwp_excluded":"","footnotes":""},"categories":[825,821],"tags":[392,797,798,174],"class_list":["post-40598","post","type-post","status-publish","format-standard","has-post-thumbnail","hentry","category-clean-transportation","category-mce-updates","tag-bay-area","tag-bike","tag-commute","tag-sustainability"],"acf":[],"yoast_head":"<!-- This site is optimized with the Yoast SEO Premium plugin v27.4 (Yoast SEO v27.4) - https:\/\/yoast.com\/product\/yoast-seo-premium-wordpress\/ -->\n<title>Bike to Work Day: MCE Staff Spotlight - MCE Blog<\/title>\n<meta name=\"robots\" content=\"index, follow, max-snippet:-1, max-image-preview:large, max-video-preview:-1\" \/>\n<link rel=\"canonical\" href=\"https:\/\/mcecleanenergy.org\/es\/bike-to-work-day-mce-staff-spotlight\/\" \/>\n<meta property=\"og:locale\" content=\"es_MX\" \/>\n<meta property=\"og:type\" content=\"article\" \/>\n<meta property=\"og:title\" content=\"Bike to Work Day: MCE Staff Spotlight\" \/>\n<meta property=\"og:description\" content=\"May is National Bike Month. Its roots come from cycling advocacy, and it has grown into a widely celebrated annual event that promotes the benefits of\" \/>\n<meta property=\"og:url\" content=\"https:\/\/mcecleanenergy.org\/es\/bike-to-work-day-mce-staff-spotlight\/\" \/>\n<meta property=\"og:site_name\" content=\"MCE \u2013 Community Choice Energy\" \/>\n<meta property=\"article:publisher\" content=\"https:\/\/www.facebook.com\/mceCleanEnergy\/\" \/>\n<meta property=\"article:published_time\" content=\"2024-05-14T17:01:17+00:00\" \/>\n<meta property=\"article:modified_time\" content=\"2024-06-09T05:15:15+00:00\" \/>\n<meta property=\"og:image\" content=\"https:\/\/mcecleanenergy.org\/wp-content\/uploads\/2024\/05\/btwd-2024.png\" \/>\n\t<meta property=\"og:image:width\" content=\"1100\" \/>\n\t<meta property=\"og:image:height\" content=\"440\" \/>\n\t<meta property=\"og:image:type\" content=\"image\/png\" \/>\n<meta name=\"author\" content=\"Rohan\" \/>\n<meta name=\"twitter:card\" content=\"summary_large_image\" \/>\n<meta name=\"twitter:creator\" content=\"@MCECleanEnergy\" \/>\n<meta name=\"twitter:site\" content=\"@MCECleanEnergy\" \/>\n<meta name=\"twitter:label1\" content=\"Escrito por\" \/>\n\t<meta name=\"twitter:data1\" content=\"Rohan\" \/>\n\t<meta name=\"twitter:label2\" content=\"Tiempo de lectura\" \/>\n\t<meta name=\"twitter:data2\" content=\"4 minutos\" \/>\n<script type=\"application\/ld+json\" class=\"yoast-schema-graph\">{\"@context\":\"https:\\\/\\\/schema.org\",\"@graph\":[{\"@type\":\"Article\",\"@id\":\"https:\\\/\\\/mcecleanenergy.org\\\/ar\\\/bike-to-work-day-mce-staff-spotlight\\\/#article\",\"isPartOf\":{\"@id\":\"https:\\\/\\\/mcecleanenergy.org\\\/ar\\\/bike-to-work-day-mce-staff-spotlight\\\/\"},\"author\":{\"name\":\"Rohan\",\"@id\":\"https:\\\/\\\/mcecleanenergy.org\\\/#\\\/schema\\\/person\\\/8ce2f62799413aaa2b6868dc9b471748\"},\"headline\":\"Bike to Work Day: MCE Staff Spotlight\",\"datePublished\":\"2024-05-14T17:01:17+00:00\",\"dateModified\":\"2024-06-09T05:15:15+00:00\",\"mainEntityOfPage\":{\"@id\":\"https:\\\/\\\/mcecleanenergy.org\\\/ar\\\/bike-to-work-day-mce-staff-spotlight\\\/\"},\"wordCount\":728,\"commentCount\":0,\"publisher\":{\"@id\":\"https:\\\/\\\/mcecleanenergy.org\\\/#organization\"},\"image\":{\"@id\":\"https:\\\/\\\/mcecleanenergy.org\\\/ar\\\/bike-to-work-day-mce-staff-spotlight\\\/#primaryimage\"},\"thumbnailUrl\":\"https:\\\/\\\/mcecleanenergy.org\\\/wp-content\\\/uploads\\\/2024\\\/05\\\/btwd-2024.png\",\"keywords\":[\"Bay Area\",\"bike\",\"commute\",\"Sustainability\"],\"articleSection\":[\"Clean Transportation\",\"MCE Updates\"],\"inLanguage\":\"es\",\"potentialAction\":[{\"@type\":\"CommentAction\",\"name\":\"Comment\",\"target\":[\"https:\\\/\\\/mcecleanenergy.org\\\/ar\\\/bike-to-work-day-mce-staff-spotlight\\\/#respond\"]}]},{\"@type\":\"WebPage\",\"@id\":\"https:\\\/\\\/mcecleanenergy.org\\\/ar\\\/bike-to-work-day-mce-staff-spotlight\\\/\",\"url\":\"https:\\\/\\\/mcecleanenergy.org\\\/ar\\\/bike-to-work-day-mce-staff-spotlight\\\/\",\"name\":\"Bike to Work Day: MCE Staff Spotlight - MCE Blog\",\"isPartOf\":{\"@id\":\"https:\\\/\\\/mcecleanenergy.org\\\/#website\"},\"primaryImageOfPage\":{\"@id\":\"https:\\\/\\\/mcecleanenergy.org\\\/ar\\\/bike-to-work-day-mce-staff-spotlight\\\/#primaryimage\"},\"image\":{\"@id\":\"https:\\\/\\\/mcecleanenergy.org\\\/ar\\\/bike-to-work-day-mce-staff-spotlight\\\/#primaryimage\"},\"thumbnailUrl\":\"https:\\\/\\\/mcecleanenergy.org\\\/wp-content\\\/uploads\\\/2024\\\/05\\\/btwd-2024.png\",\"datePublished\":\"2024-05-14T17:01:17+00:00\",\"dateModified\":\"2024-06-09T05:15:15+00:00\",\"breadcrumb\":{\"@id\":\"https:\\\/\\\/mcecleanenergy.org\\\/ar\\\/bike-to-work-day-mce-staff-spotlight\\\/#breadcrumb\"},\"inLanguage\":\"es\",\"potentialAction\":[{\"@type\":\"ReadAction\",\"target\":[\"https:\\\/\\\/mcecleanenergy.org\\\/ar\\\/bike-to-work-day-mce-staff-spotlight\\\/\"]}]},{\"@type\":\"ImageObject\",\"inLanguage\":\"es\",\"@id\":\"https:\\\/\\\/mcecleanenergy.org\\\/ar\\\/bike-to-work-day-mce-staff-spotlight\\\/#primaryimage\",\"url\":\"https:\\\/\\\/mcecleanenergy.org\\\/wp-content\\\/uploads\\\/2024\\\/05\\\/btwd-2024.png\",\"contentUrl\":\"https:\\\/\\\/mcecleanenergy.org\\\/wp-content\\\/uploads\\\/2024\\\/05\\\/btwd-2024.png\",\"width\":1100,\"height\":440},{\"@type\":\"BreadcrumbList\",\"@id\":\"https:\\\/\\\/mcecleanenergy.org\\\/ar\\\/bike-to-work-day-mce-staff-spotlight\\\/#breadcrumb\",\"itemListElement\":[{\"@type\":\"ListItem\",\"position\":1,\"name\":\"Home\",\"item\":\"https:\\\/\\\/mcecleanenergy.org\\\/\"},{\"@type\":\"ListItem\",\"position\":2,\"name\":\"Bike to Work Day: MCE Staff Spotlight\"}]},{\"@type\":\"WebSite\",\"@id\":\"https:\\\/\\\/mcecleanenergy.org\\\/#website\",\"url\":\"https:\\\/\\\/mcecleanenergy.org\\\/\",\"name\":\"MCE \u2013 Community Choice Energy\",\"description\":\"\",\"publisher\":{\"@id\":\"https:\\\/\\\/mcecleanenergy.org\\\/#organization\"},\"potentialAction\":[{\"@type\":\"SearchAction\",\"target\":{\"@type\":\"EntryPoint\",\"urlTemplate\":\"https:\\\/\\\/mcecleanenergy.org\\\/?s={search_term_string}\"},\"query-input\":{\"@type\":\"PropertyValueSpecification\",\"valueRequired\":true,\"valueName\":\"search_term_string\"}}],\"inLanguage\":\"es\"},{\"@type\":\"Organization\",\"@id\":\"https:\\\/\\\/mcecleanenergy.org\\\/#organization\",\"name\":\"MCE\",\"url\":\"https:\\\/\\\/mcecleanenergy.org\\\/\",\"logo\":{\"@type\":\"ImageObject\",\"inLanguage\":\"es\",\"@id\":\"https:\\\/\\\/mcecleanenergy.org\\\/#\\\/schema\\\/logo\\\/image\\\/\",\"url\":\"https:\\\/\\\/mcecleanenergy.org\\\/wp-content\\\/uploads\\\/2024\\\/05\\\/MCE_Logo_Full-Color_RGB_050324.png\",\"contentUrl\":\"https:\\\/\\\/mcecleanenergy.org\\\/wp-content\\\/uploads\\\/2024\\\/05\\\/MCE_Logo_Full-Color_RGB_050324.png\",\"width\":5001,\"height\":2986,\"caption\":\"MCE\"},\"image\":{\"@id\":\"https:\\\/\\\/mcecleanenergy.org\\\/#\\\/schema\\\/logo\\\/image\\\/\"},\"sameAs\":[\"https:\\\/\\\/www.facebook.com\\\/mceCleanEnergy\\\/\",\"https:\\\/\\\/x.com\\\/MCECleanEnergy\",\"https:\\\/\\\/www.instagram.com\\\/mcecleanenergy\\\/\",\"https:\\\/\\\/www.linkedin.com\\\/company\\\/mcecleanenergy\\\/\",\"https:\\\/\\\/www.youtube.com\\\/c\\\/Mcecleanenergy\\\/\",\"https:\\\/\\\/en.wikipedia.org\\\/wiki\\\/Community_Choice_Aggregation#Marin_Clean_Energy\"]},{\"@type\":\"Person\",\"@id\":\"https:\\\/\\\/mcecleanenergy.org\\\/#\\\/schema\\\/person\\\/8ce2f62799413aaa2b6868dc9b471748\",\"name\":\"Rohan\",\"image\":{\"@type\":\"ImageObject\",\"inLanguage\":\"es\",\"@id\":\"https:\\\/\\\/secure.gravatar.com\\\/avatar\\\/08c0249ed3a34e3695a3cb94fc48aa840d636d2ba6af19ac1dd65e5303c3c992?s=96&d=mm&r=g\",\"url\":\"https:\\\/\\\/secure.gravatar.com\\\/avatar\\\/08c0249ed3a34e3695a3cb94fc48aa840d636d2ba6af19ac1dd65e5303c3c992?s=96&d=mm&r=g\",\"contentUrl\":\"https:\\\/\\\/secure.gravatar.com\\\/avatar\\\/08c0249ed3a34e3695a3cb94fc48aa840d636d2ba6af19ac1dd65e5303c3c992?s=96&d=mm&r=g\",\"caption\":\"Rohan\"},\"url\":\"https:\\\/\\\/mcecleanenergy.org\\\/es\\\/author\\\/rohan\\\/\"}]}<\/script>\n<!-- \/ Yoast SEO Premium plugin. -->","yoast_head_json":{"title":"Bike to Work Day: MCE Staff Spotlight - MCE Blog","robots":{"index":"index","follow":"follow","max-snippet":"max-snippet:-1","max-image-preview":"max-image-preview:large","max-video-preview":"max-video-preview:-1"},"canonical":"https:\/\/mcecleanenergy.org\/es\/bike-to-work-day-mce-staff-spotlight\/","og_locale":"es_MX","og_type":"article","og_title":"Bike to Work Day: MCE Staff Spotlight","og_description":"May is National Bike Month. Its roots come from cycling advocacy, and it has grown into a widely celebrated annual event that promotes the benefits of","og_url":"https:\/\/mcecleanenergy.org\/es\/bike-to-work-day-mce-staff-spotlight\/","og_site_name":"MCE \u2013 Community Choice Energy","article_publisher":"https:\/\/www.facebook.com\/mceCleanEnergy\/","article_published_time":"2024-05-14T17:01:17+00:00","article_modified_time":"2024-06-09T05:15:15+00:00","og_image":[{"width":1100,"height":440,"url":"https:\/\/mcecleanenergy.org\/wp-content\/uploads\/2024\/05\/btwd-2024.png","type":"image\/png"}],"author":"Rohan","twitter_card":"summary_large_image","twitter_creator":"@MCECleanEnergy","twitter_site":"@MCECleanEnergy","twitter_misc":{"Escrito por":"Rohan","Tiempo de lectura":"4 minutos"},"schema":{"@context":"https:\/\/schema.org","@graph":[{"@type":"Article","@id":"https:\/\/mcecleanenergy.org\/ar\/bike-to-work-day-mce-staff-spotlight\/#article","isPartOf":{"@id":"https:\/\/mcecleanenergy.org\/ar\/bike-to-work-day-mce-staff-spotlight\/"},"author":{"name":"Rohan","@id":"https:\/\/mcecleanenergy.org\/#\/schema\/person\/8ce2f62799413aaa2b6868dc9b471748"},"headline":"Bike to Work Day: MCE Staff Spotlight","datePublished":"2024-05-14T17:01:17+00:00","dateModified":"2024-06-09T05:15:15+00:00","mainEntityOfPage":{"@id":"https:\/\/mcecleanenergy.org\/ar\/bike-to-work-day-mce-staff-spotlight\/"},"wordCount":728,"commentCount":0,"publisher":{"@id":"https:\/\/mcecleanenergy.org\/#organization"},"image":{"@id":"https:\/\/mcecleanenergy.org\/ar\/bike-to-work-day-mce-staff-spotlight\/#primaryimage"},"thumbnailUrl":"https:\/\/mcecleanenergy.org\/wp-content\/uploads\/2024\/05\/btwd-2024.png","keywords":["Bay Area","bike","commute","Sustainability"],"articleSection":["Clean Transportation","MCE Updates"],"inLanguage":"es","potentialAction":[{"@type":"CommentAction","name":"Comment","target":["https:\/\/mcecleanenergy.org\/ar\/bike-to-work-day-mce-staff-spotlight\/#respond"]}]},{"@type":"WebPage","@id":"https:\/\/mcecleanenergy.org\/ar\/bike-to-work-day-mce-staff-spotlight\/","url":"https:\/\/mcecleanenergy.org\/ar\/bike-to-work-day-mce-staff-spotlight\/","name":"Bike to Work Day: MCE Staff Spotlight - MCE Blog","isPartOf":{"@id":"https:\/\/mcecleanenergy.org\/#website"},"primaryImageOfPage":{"@id":"https:\/\/mcecleanenergy.org\/ar\/bike-to-work-day-mce-staff-spotlight\/#primaryimage"},"image":{"@id":"https:\/\/mcecleanenergy.org\/ar\/bike-to-work-day-mce-staff-spotlight\/#primaryimage"},"thumbnailUrl":"https:\/\/mcecleanenergy.org\/wp-content\/uploads\/2024\/05\/btwd-2024.png","datePublished":"2024-05-14T17:01:17+00:00","dateModified":"2024-06-09T05:15:15+00:00","breadcrumb":{"@id":"https:\/\/mcecleanenergy.org\/ar\/bike-to-work-day-mce-staff-spotlight\/#breadcrumb"},"inLanguage":"es","potentialAction":[{"@type":"ReadAction","target":["https:\/\/mcecleanenergy.org\/ar\/bike-to-work-day-mce-staff-spotlight\/"]}]},{"@type":"ImageObject","inLanguage":"es","@id":"https:\/\/mcecleanenergy.org\/ar\/bike-to-work-day-mce-staff-spotlight\/#primaryimage","url":"https:\/\/mcecleanenergy.org\/wp-content\/uploads\/2024\/05\/btwd-2024.png","contentUrl":"https:\/\/mcecleanenergy.org\/wp-content\/uploads\/2024\/05\/btwd-2024.png","width":1100,"height":440},{"@type":"BreadcrumbList","@id":"https:\/\/mcecleanenergy.org\/ar\/bike-to-work-day-mce-staff-spotlight\/#breadcrumb","itemListElement":[{"@type":"ListItem","position":1,"name":"Home","item":"https:\/\/mcecleanenergy.org\/"},{"@type":"ListItem","position":2,"name":"Bike to Work Day: MCE Staff Spotlight"}]},{"@type":"WebSite","@id":"https:\/\/mcecleanenergy.org\/#website","url":"https:\/\/mcecleanenergy.org\/","name":"MCE - Elecci\u00f3n comunitaria de la energ\u00eda","description":"","publisher":{"@id":"https:\/\/mcecleanenergy.org\/#organization"},"potentialAction":[{"@type":"SearchAction","target":{"@type":"EntryPoint","urlTemplate":"https:\/\/mcecleanenergy.org\/?s={search_term_string}"},"query-input":{"@type":"PropertyValueSpecification","valueRequired":true,"valueName":"search_term_string"}}],"inLanguage":"es"},{"@type":"Organization","@id":"https:\/\/mcecleanenergy.org\/#organization","name":"MCE","url":"https:\/\/mcecleanenergy.org\/","logo":{"@type":"ImageObject","inLanguage":"es","@id":"https:\/\/mcecleanenergy.org\/#\/schema\/logo\/image\/","url":"https:\/\/mcecleanenergy.org\/wp-content\/uploads\/2024\/05\/MCE_Logo_Full-Color_RGB_050324.png","contentUrl":"https:\/\/mcecleanenergy.org\/wp-content\/uploads\/2024\/05\/MCE_Logo_Full-Color_RGB_050324.png","width":5001,"height":2986,"caption":"MCE"},"image":{"@id":"https:\/\/mcecleanenergy.org\/#\/schema\/logo\/image\/"},"sameAs":["https:\/\/www.facebook.com\/mceCleanEnergy\/","https:\/\/x.com\/MCECleanEnergy","https:\/\/www.instagram.com\/mcecleanenergy\/","https:\/\/www.linkedin.com\/company\/mcecleanenergy\/","https:\/\/www.youtube.com\/c\/Mcecleanenergy\/","https:\/\/en.wikipedia.org\/wiki\/Community_Choice_Aggregation#Marin_Clean_Energy"]},{"@type":"Person","@id":"https:\/\/mcecleanenergy.org\/#\/schema\/person\/8ce2f62799413aaa2b6868dc9b471748","name":"Rohan","image":{"@type":"ImageObject","inLanguage":"es","@id":"https:\/\/secure.gravatar.com\/avatar\/08c0249ed3a34e3695a3cb94fc48aa840d636d2ba6af19ac1dd65e5303c3c992?s=96&d=mm&r=g","url":"https:\/\/secure.gravatar.com\/avatar\/08c0249ed3a34e3695a3cb94fc48aa840d636d2ba6af19ac1dd65e5303c3c992?s=96&d=mm&r=g","contentUrl":"https:\/\/secure.gravatar.com\/avatar\/08c0249ed3a34e3695a3cb94fc48aa840d636d2ba6af19ac1dd65e5303c3c992?s=96&d=mm&r=g","caption":"Rohan"},"url":"https:\/\/mcecleanenergy.org\/es\/author\/rohan\/"}]}},"_links":{"self":[{"href":"https:\/\/mcecleanenergy.org\/es\/wp-json\/wp\/v2\/posts\/40598","targetHints":{"allow":["GET"]}}],"collection":[{"href":"https:\/\/mcecleanenergy.org\/es\/wp-json\/wp\/v2\/posts"}],"about":[{"href":"https:\/\/mcecleanenergy.org\/es\/wp-json\/wp\/v2\/types\/post"}],"author":[{"embeddable":true,"href":"https:\/\/mcecleanenergy.org\/es\/wp-json\/wp\/v2\/users\/2"}],"replies":[{"embeddable":true,"href":"https:\/\/mcecleanenergy.org\/es\/wp-json\/wp\/v2\/comments?post=40598"}],"version-history":[{"count":0,"href":"https:\/\/mcecleanenergy.org\/es\/wp-json\/wp\/v2\/posts\/40598\/revisions"}],"wp:featuredmedia":[{"embeddable":true,"href":"https:\/\/mcecleanenergy.org\/es\/wp-json\/wp\/v2\/media\/40599"}],"wp:attachment":[{"href":"https:\/\/mcecleanenergy.org\/es\/wp-json\/wp\/v2\/media?parent=40598"}],"wp:term":[{"taxonomy":"category","embeddable":true,"href":"https:\/\/mcecleanenergy.org\/es\/wp-json\/wp\/v2\/categories?post=40598"},{"taxonomy":"post_tag","embeddable":true,"href":"https:\/\/mcecleanenergy.org\/es\/wp-json\/wp\/v2\/tags?post=40598"}],"curies":[{"name":"wp","href":"https:\/\/api.w.org\/{rel}","templated":true}]}}