{"id":52637,"date":"2024-08-01T09:00:02","date_gmt":"2024-08-01T16:00:02","guid":{"rendered":"https:\/\/mcecleanenergy.org\/?p=52637"},"modified":"2024-10-31T09:12:28","modified_gmt":"2024-10-31T16:12:28","slug":"transforming-communities-launching-the-charged-by-public-power-program","status":"publish","type":"post","link":"https:\/\/mcecleanenergy.org\/es\/transforming-communities-launching-the-charged-by-public-power-program\/","title":{"rendered":"Transformando comunidades: Puesta en marcha del programa Charged by Public Power"},"content":{"rendered":"<div data-elementor-type=\"wp-post\" data-elementor-id=\"52637\" class=\"elementor elementor-52637\" data-elementor-post-type=\"post\">\n\t\t\t\t<div data-particle_enable=\"false\" data-particle-mobile-disabled=\"false\" class=\"elementor-element elementor-element-57fab478 e-flex e-con-boxed e-con e-parent\" data-id=\"57fab478\" data-element_type=\"container\" data-e-type=\"container\" data-settings=\"{&quot;jet_parallax_layout_list&quot;:[]}\">\n\t\t\t\t\t<div class=\"e-con-inner\">\n\t\t\t\t<div class=\"elementor-element elementor-element-3d0c6600 elementor-widget elementor-widget-text-editor\" data-id=\"3d0c6600\" data-element_type=\"widget\" data-e-type=\"widget\" data-widget_type=\"text-editor.default\">\n\t\t\t\t<div class=\"elementor-widget-container\">\n\t\t\t\t\t\t\t\t\t<p>MCE est\u00e1 buscando la opini\u00f3n de la comunidad para ayudar a dar forma a soluciones de transporte limpio en toda su \u00e1rea de servicio a trav\u00e9s de la <a href=\"https:\/\/mcecleanenergy.org\/es\/Charged-by-Public-Power\/\">A cargo del Poder P\u00fablico<\/a> programa.<\/p><p>El programa Charged by Public Power trabaja a nivel comunitario para comprender y abordar los obst\u00e1culos a las necesidades de transporte en comunidades hist\u00f3ricamente desatendidas. El programa ofrece recomendaciones para ampliar las soluciones de movilidad limpia (como cargadores de veh\u00edculos el\u00e9ctricos, veh\u00edculos compartidos y bicicletas compartidas) en estas comunidades prioritarias:<\/p><ul><li>Concord<\/li><li>Fairfield<\/li><li>Napa<\/li><li>Pittsburg<\/li><li>Richmond<\/li><li>San Pablo<\/li><li>San Rafael<\/li><li>Condado de Contra Costa no incorporado<\/li><li>Vallejo<\/li><\/ul>\t\t\t\t\t\t\t\t<\/div>\n\t\t\t\t<\/div>\n\t\t\t\t<div class=\"elementor-element elementor-element-4843e3a elementor-widget elementor-widget-text-editor\" data-id=\"4843e3a\" data-element_type=\"widget\" data-e-type=\"widget\" data-widget_type=\"text-editor.default\">\n\t\t\t\t<div class=\"elementor-widget-container\">\n\t\t\t\t\t\t\t\t\t<h4>Participar en el compromiso comunitario<\/h4><p>La MCE est\u00e1 recabando opiniones de la comunidad mediante grupos de discusi\u00f3n virtuales y presenciales. Los grupos de discusi\u00f3n ofrecen a los miembros de la comunidad la oportunidad de compartir sus opiniones sobre soluciones de transporte limpio. Al dar su opini\u00f3n, est\u00e1 ayudando a promover beneficios como la equidad y la inclusi\u00f3n y la mejora de la accesibilidad en su comunidad.<\/p><p><a href=\"https:\/\/docs.google.com\/forms\/d\/e\/1FAIpQLSfaiKYhwFPMKCrXHy02BMleFT-Si4VfPl-FSnmSOp9p-mvUIQ\/viewform\" target=\"_blank\" rel=\"noopener\">\u00danase a un grupo de discusi\u00f3n<\/a><\/p><p>Tras recabar la opini\u00f3n de la comunidad, las estrategias seleccionadas se aplicar\u00e1n en colaboraci\u00f3n con el Consejo Comunitario de Transporte El\u00e9ctrico de MCE, formado por representantes de las administraciones locales, autoridades de tr\u00e1nsito y socios comunitarios de la zona de servicio de MCE.<\/p><p>La fase de planificaci\u00f3n y participaci\u00f3n de la comunidad de este a\u00f1o contar\u00e1 con la participaci\u00f3n de las comunidades a trav\u00e9s de encuestas y grupos de discusi\u00f3n, y analizar\u00e1 e informar\u00e1 sobre los resultados para perfeccionar los planes de implementaci\u00f3n. En 2025, la MCE instalar\u00e1 cargadores de VE y estaciones de VE en los lugares identificados durante la fase de puesta en servicio. En 2026, la fase de despliegue y operaciones garantizar\u00e1 el funcionamiento eficiente de los cargadores y las estaciones, coordinar\u00e1 el acceso a otras soluciones de movilidad limpia identificadas durante la divulgaci\u00f3n y proporcionar\u00e1 apoyo continuo a las comunidades donde se instalaron los proyectos.<\/p>\t\t\t\t\t\t\t\t<\/div>\n\t\t\t\t<\/div>\n\t\t\t\t\t<\/div>\n\t\t\t\t<\/div>\n\t\t<div data-particle_enable=\"false\" data-particle-mobile-disabled=\"false\" class=\"elementor-element elementor-element-00eb4bf e-flex e-con-boxed e-con e-parent\" data-id=\"00eb4bf\" data-element_type=\"container\" data-e-type=\"container\" data-settings=\"{&quot;jet_parallax_layout_list&quot;:[]}\">\n\t\t\t\t\t<div class=\"e-con-inner\">\n\t\t\t\t<div class=\"elementor-element elementor-element-e6bcf2d elementor-widget elementor-widget-text-editor\" data-id=\"e6bcf2d\" data-element_type=\"widget\" data-e-type=\"widget\" data-widget_type=\"text-editor.default\">\n\t\t\t\t<div class=\"elementor-widget-container\">\n\t\t\t\t\t\t\t\t\t<h4>Demos forma a nuestro futuro de transporte limpio<\/h4><p>Si tiene ideas sobre soluciones limpias para el transporte y quiere participar en la configuraci\u00f3n del futuro de su comunidad, visite la p\u00e1gina web de la MCE <a href=\"https:\/\/mcecleanenergy.org\/es\/Charged-by-Public-Power\/\">A cargo del Poder P\u00fablico<\/a> para encontrar un pr\u00f3ximo grupo de discusi\u00f3n en su zona.<\/p><p>MCE agradece al Departamento de Energ\u00eda (DOE) la financiaci\u00f3n de este programa. La Oficina de Eficiencia Energ\u00e9tica y Energ\u00edas Renovables y la Oficina de Tecnolog\u00edas de Veh\u00edculos del DOE financiaron el programa Charged by Public Power porque se alinea con los objetivos energ\u00e9ticos nacionales y ofrece un plan capaz de ampliar las soluciones de transporte limpio en todo el estado.<\/p><p>MCE est\u00e1 comprometida con las iniciativas impulsadas por la comunidad que promueven soluciones energ\u00e9ticas sostenibles y equitativas. Gracias a iniciativas de colaboraci\u00f3n como el programa Charged by Public Power, estamos sentando las bases de un futuro m\u00e1s sostenible.<\/p><p>Comparta su voz y ay\u00fadenos a impulsar un cambio positivo.<\/p>\t\t\t\t\t\t\t\t<\/div>\n\t\t\t\t<\/div>\n\t\t\t\t\t<\/div>\n\t\t\t\t<\/div>\n\t\t\t\t<\/div>","protected":false},"excerpt":{"rendered":"<p>MCE is seeking community feedback to help shape clean transportation solutions across its service area through the Charged by Public Power program. The Charged by Public Power program works at [&hellip;]<\/p>\n","protected":false},"author":13,"featured_media":53425,"comment_status":"open","ping_status":"open","sticky":false,"template":"elementor_theme","format":"standard","meta":{"_acf_changed":false,"_searchwp_excluded":"","footnotes":""},"categories":[825,821],"tags":[],"class_list":["post-52637","post","type-post","status-publish","format-standard","has-post-thumbnail","hentry","category-clean-transportation","category-mce-updates"],"acf":[],"yoast_head":"<!-- This site is optimized with the Yoast SEO Premium plugin v27.4 (Yoast SEO v27.4) - https:\/\/yoast.com\/product\/yoast-seo-premium-wordpress\/ -->\n<title>Transforming Communities: Launching the Charged by Public Power Program - MCE Blog<\/title>\n<meta name=\"description\" content=\"The Charged by Public Power program provides recommendations to expand clean mobility solutions such as EV chargers, carshares, and bike shares across the Bay Area.\" \/>\n<meta name=\"robots\" content=\"index, follow, max-snippet:-1, max-image-preview:large, max-video-preview:-1\" \/>\n<link rel=\"canonical\" href=\"https:\/\/mcecleanenergy.org\/es\/transforming-communities-launching-the-charged-by-public-power-program\/\" \/>\n<meta property=\"og:locale\" content=\"es_MX\" \/>\n<meta property=\"og:type\" content=\"article\" \/>\n<meta property=\"og:title\" content=\"Transforming Communities: Launching the Charged by Public Power Program\" \/>\n<meta property=\"og:description\" content=\"MCE is seeking community feedback to help shape clean transportation solutions across its service area through the Charged by Public Power program.The\" \/>\n<meta property=\"og:url\" content=\"https:\/\/mcecleanenergy.org\/es\/transforming-communities-launching-the-charged-by-public-power-program\/\" \/>\n<meta property=\"og:site_name\" content=\"MCE \u2013 Community Choice Energy\" \/>\n<meta property=\"article:publisher\" content=\"https:\/\/www.facebook.com\/mceCleanEnergy\/\" \/>\n<meta property=\"article:published_time\" content=\"2024-08-01T16:00:02+00:00\" \/>\n<meta property=\"article:modified_time\" content=\"2024-10-31T16:12:28+00:00\" \/>\n<meta property=\"og:image\" content=\"https:\/\/mcecleanenergy.org\/wp-content\/uploads\/2024\/08\/charged-by-public-power.png\" \/>\n\t<meta property=\"og:image:width\" content=\"1180\" \/>\n\t<meta property=\"og:image:height\" content=\"475\" \/>\n\t<meta property=\"og:image:type\" content=\"image\/png\" \/>\n<meta name=\"author\" content=\"Madeline Sarvey\" \/>\n<meta name=\"twitter:card\" content=\"summary_large_image\" \/>\n<meta name=\"twitter:creator\" content=\"@MCECleanEnergy\" \/>\n<meta name=\"twitter:site\" content=\"@MCECleanEnergy\" \/>\n<meta name=\"twitter:label1\" content=\"Escrito por\" \/>\n\t<meta name=\"twitter:data1\" content=\"Madeline Sarvey\" \/>\n\t<meta name=\"twitter:label2\" content=\"Tiempo de lectura\" \/>\n\t<meta name=\"twitter:data2\" content=\"1 minuto\" \/>\n<script type=\"application\/ld+json\" class=\"yoast-schema-graph\">{\"@context\":\"https:\\\/\\\/schema.org\",\"@graph\":[{\"@type\":\"Article\",\"@id\":\"https:\\\/\\\/mcecleanenergy.org\\\/transforming-communities-launching-the-charged-by-public-power-program\\\/#article\",\"isPartOf\":{\"@id\":\"https:\\\/\\\/mcecleanenergy.org\\\/transforming-communities-launching-the-charged-by-public-power-program\\\/\"},\"author\":{\"name\":\"Madeline Sarvey\",\"@id\":\"https:\\\/\\\/mcecleanenergy.org\\\/#\\\/schema\\\/person\\\/5583eeeccfdd1a6cdaa0c46fdc106315\"},\"headline\":\"Transforming Communities: Launching the Charged by Public Power Program\",\"datePublished\":\"2024-08-01T16:00:02+00:00\",\"dateModified\":\"2024-10-31T16:12:28+00:00\",\"mainEntityOfPage\":{\"@id\":\"https:\\\/\\\/mcecleanenergy.org\\\/transforming-communities-launching-the-charged-by-public-power-program\\\/\"},\"wordCount\":395,\"commentCount\":0,\"publisher\":{\"@id\":\"https:\\\/\\\/mcecleanenergy.org\\\/#organization\"},\"image\":{\"@id\":\"https:\\\/\\\/mcecleanenergy.org\\\/transforming-communities-launching-the-charged-by-public-power-program\\\/#primaryimage\"},\"thumbnailUrl\":\"https:\\\/\\\/mcecleanenergy.org\\\/wp-content\\\/uploads\\\/2024\\\/08\\\/charged-by-public-power.png\",\"articleSection\":[\"Clean Transportation\",\"MCE Updates\"],\"inLanguage\":\"es\",\"potentialAction\":[{\"@type\":\"CommentAction\",\"name\":\"Comment\",\"target\":[\"https:\\\/\\\/mcecleanenergy.org\\\/transforming-communities-launching-the-charged-by-public-power-program\\\/#respond\"]}]},{\"@type\":\"WebPage\",\"@id\":\"https:\\\/\\\/mcecleanenergy.org\\\/transforming-communities-launching-the-charged-by-public-power-program\\\/\",\"url\":\"https:\\\/\\\/mcecleanenergy.org\\\/transforming-communities-launching-the-charged-by-public-power-program\\\/\",\"name\":\"Transforming Communities: Launching the Charged by Public Power Program - MCE Blog\",\"isPartOf\":{\"@id\":\"https:\\\/\\\/mcecleanenergy.org\\\/#website\"},\"primaryImageOfPage\":{\"@id\":\"https:\\\/\\\/mcecleanenergy.org\\\/transforming-communities-launching-the-charged-by-public-power-program\\\/#primaryimage\"},\"image\":{\"@id\":\"https:\\\/\\\/mcecleanenergy.org\\\/transforming-communities-launching-the-charged-by-public-power-program\\\/#primaryimage\"},\"thumbnailUrl\":\"https:\\\/\\\/mcecleanenergy.org\\\/wp-content\\\/uploads\\\/2024\\\/08\\\/charged-by-public-power.png\",\"datePublished\":\"2024-08-01T16:00:02+00:00\",\"dateModified\":\"2024-10-31T16:12:28+00:00\",\"description\":\"The Charged by Public Power program provides recommendations to expand clean mobility solutions such as EV chargers, carshares, and bike shares across the Bay Area.\",\"breadcrumb\":{\"@id\":\"https:\\\/\\\/mcecleanenergy.org\\\/transforming-communities-launching-the-charged-by-public-power-program\\\/#breadcrumb\"},\"inLanguage\":\"es\",\"potentialAction\":[{\"@type\":\"ReadAction\",\"target\":[\"https:\\\/\\\/mcecleanenergy.org\\\/transforming-communities-launching-the-charged-by-public-power-program\\\/\"]}]},{\"@type\":\"ImageObject\",\"inLanguage\":\"es\",\"@id\":\"https:\\\/\\\/mcecleanenergy.org\\\/transforming-communities-launching-the-charged-by-public-power-program\\\/#primaryimage\",\"url\":\"https:\\\/\\\/mcecleanenergy.org\\\/wp-content\\\/uploads\\\/2024\\\/08\\\/charged-by-public-power.png\",\"contentUrl\":\"https:\\\/\\\/mcecleanenergy.org\\\/wp-content\\\/uploads\\\/2024\\\/08\\\/charged-by-public-power.png\",\"width\":1180,\"height\":475,\"caption\":\"Launching the Charged by Public Power Program from MCE\"},{\"@type\":\"BreadcrumbList\",\"@id\":\"https:\\\/\\\/mcecleanenergy.org\\\/transforming-communities-launching-the-charged-by-public-power-program\\\/#breadcrumb\",\"itemListElement\":[{\"@type\":\"ListItem\",\"position\":1,\"name\":\"Home\",\"item\":\"https:\\\/\\\/mcecleanenergy.org\\\/\"},{\"@type\":\"ListItem\",\"position\":2,\"name\":\"Transforming Communities: Launching the Charged by Public Power Program\"}]},{\"@type\":\"WebSite\",\"@id\":\"https:\\\/\\\/mcecleanenergy.org\\\/#website\",\"url\":\"https:\\\/\\\/mcecleanenergy.org\\\/\",\"name\":\"MCE \u2013 Community Choice Energy\",\"description\":\"\",\"publisher\":{\"@id\":\"https:\\\/\\\/mcecleanenergy.org\\\/#organization\"},\"potentialAction\":[{\"@type\":\"SearchAction\",\"target\":{\"@type\":\"EntryPoint\",\"urlTemplate\":\"https:\\\/\\\/mcecleanenergy.org\\\/?s={search_term_string}\"},\"query-input\":{\"@type\":\"PropertyValueSpecification\",\"valueRequired\":true,\"valueName\":\"search_term_string\"}}],\"inLanguage\":\"es\"},{\"@type\":\"Organization\",\"@id\":\"https:\\\/\\\/mcecleanenergy.org\\\/#organization\",\"name\":\"MCE\",\"url\":\"https:\\\/\\\/mcecleanenergy.org\\\/\",\"logo\":{\"@type\":\"ImageObject\",\"inLanguage\":\"es\",\"@id\":\"https:\\\/\\\/mcecleanenergy.org\\\/#\\\/schema\\\/logo\\\/image\\\/\",\"url\":\"https:\\\/\\\/mcecleanenergy.org\\\/wp-content\\\/uploads\\\/2024\\\/05\\\/MCE_Logo_Full-Color_RGB_050324.png\",\"contentUrl\":\"https:\\\/\\\/mcecleanenergy.org\\\/wp-content\\\/uploads\\\/2024\\\/05\\\/MCE_Logo_Full-Color_RGB_050324.png\",\"width\":5001,\"height\":2986,\"caption\":\"MCE\"},\"image\":{\"@id\":\"https:\\\/\\\/mcecleanenergy.org\\\/#\\\/schema\\\/logo\\\/image\\\/\"},\"sameAs\":[\"https:\\\/\\\/www.facebook.com\\\/mceCleanEnergy\\\/\",\"https:\\\/\\\/x.com\\\/MCECleanEnergy\",\"https:\\\/\\\/www.instagram.com\\\/mcecleanenergy\\\/\",\"https:\\\/\\\/www.linkedin.com\\\/company\\\/mcecleanenergy\\\/\",\"https:\\\/\\\/www.youtube.com\\\/c\\\/Mcecleanenergy\\\/\",\"https:\\\/\\\/en.wikipedia.org\\\/wiki\\\/Community_Choice_Aggregation#Marin_Clean_Energy\"]},{\"@type\":\"Person\",\"@id\":\"https:\\\/\\\/mcecleanenergy.org\\\/#\\\/schema\\\/person\\\/5583eeeccfdd1a6cdaa0c46fdc106315\",\"name\":\"Madeline Sarvey\",\"image\":{\"@type\":\"ImageObject\",\"inLanguage\":\"es\",\"@id\":\"https:\\\/\\\/secure.gravatar.com\\\/avatar\\\/df1707b930f561073f98d20d58ba4ab4b37a8e9615ed41a61e56365b9723a714?s=96&d=mm&r=g\",\"url\":\"https:\\\/\\\/secure.gravatar.com\\\/avatar\\\/df1707b930f561073f98d20d58ba4ab4b37a8e9615ed41a61e56365b9723a714?s=96&d=mm&r=g\",\"contentUrl\":\"https:\\\/\\\/secure.gravatar.com\\\/avatar\\\/df1707b930f561073f98d20d58ba4ab4b37a8e9615ed41a61e56365b9723a714?s=96&d=mm&r=g\",\"caption\":\"Madeline Sarvey\"},\"url\":\"https:\\\/\\\/mcecleanenergy.org\\\/es\\\/author\\\/madeline-s\\\/\"}]}<\/script>\n<!-- \/ Yoast SEO Premium plugin. -->","yoast_head_json":{"title":"Transforming Communities: Launching the Charged by Public Power Program - MCE Blog","description":"The Charged by Public Power program provides recommendations to expand clean mobility solutions such as EV chargers, carshares, and bike shares across the Bay Area.","robots":{"index":"index","follow":"follow","max-snippet":"max-snippet:-1","max-image-preview":"max-image-preview:large","max-video-preview":"max-video-preview:-1"},"canonical":"https:\/\/mcecleanenergy.org\/es\/transforming-communities-launching-the-charged-by-public-power-program\/","og_locale":"es_MX","og_type":"article","og_title":"Transforming Communities: Launching the Charged by Public Power Program","og_description":"MCE is seeking community feedback to help shape clean transportation solutions across its service area through the Charged by Public Power program.The","og_url":"https:\/\/mcecleanenergy.org\/es\/transforming-communities-launching-the-charged-by-public-power-program\/","og_site_name":"MCE \u2013 Community Choice Energy","article_publisher":"https:\/\/www.facebook.com\/mceCleanEnergy\/","article_published_time":"2024-08-01T16:00:02+00:00","article_modified_time":"2024-10-31T16:12:28+00:00","og_image":[{"width":1180,"height":475,"url":"https:\/\/mcecleanenergy.org\/wp-content\/uploads\/2024\/08\/charged-by-public-power.png","type":"image\/png"}],"author":"Madeline Sarvey","twitter_card":"summary_large_image","twitter_creator":"@MCECleanEnergy","twitter_site":"@MCECleanEnergy","twitter_misc":{"Escrito por":"Madeline Sarvey","Tiempo de lectura":"1 minuto"},"schema":{"@context":"https:\/\/schema.org","@graph":[{"@type":"Article","@id":"https:\/\/mcecleanenergy.org\/transforming-communities-launching-the-charged-by-public-power-program\/#article","isPartOf":{"@id":"https:\/\/mcecleanenergy.org\/transforming-communities-launching-the-charged-by-public-power-program\/"},"author":{"name":"Madeline Sarvey","@id":"https:\/\/mcecleanenergy.org\/#\/schema\/person\/5583eeeccfdd1a6cdaa0c46fdc106315"},"headline":"Transforming Communities: Launching the Charged by Public Power Program","datePublished":"2024-08-01T16:00:02+00:00","dateModified":"2024-10-31T16:12:28+00:00","mainEntityOfPage":{"@id":"https:\/\/mcecleanenergy.org\/transforming-communities-launching-the-charged-by-public-power-program\/"},"wordCount":395,"commentCount":0,"publisher":{"@id":"https:\/\/mcecleanenergy.org\/#organization"},"image":{"@id":"https:\/\/mcecleanenergy.org\/transforming-communities-launching-the-charged-by-public-power-program\/#primaryimage"},"thumbnailUrl":"https:\/\/mcecleanenergy.org\/wp-content\/uploads\/2024\/08\/charged-by-public-power.png","articleSection":["Clean Transportation","MCE Updates"],"inLanguage":"es","potentialAction":[{"@type":"CommentAction","name":"Comment","target":["https:\/\/mcecleanenergy.org\/transforming-communities-launching-the-charged-by-public-power-program\/#respond"]}]},{"@type":"WebPage","@id":"https:\/\/mcecleanenergy.org\/transforming-communities-launching-the-charged-by-public-power-program\/","url":"https:\/\/mcecleanenergy.org\/transforming-communities-launching-the-charged-by-public-power-program\/","name":"Transforming Communities: Launching the Charged by Public Power Program - MCE Blog","isPartOf":{"@id":"https:\/\/mcecleanenergy.org\/#website"},"primaryImageOfPage":{"@id":"https:\/\/mcecleanenergy.org\/transforming-communities-launching-the-charged-by-public-power-program\/#primaryimage"},"image":{"@id":"https:\/\/mcecleanenergy.org\/transforming-communities-launching-the-charged-by-public-power-program\/#primaryimage"},"thumbnailUrl":"https:\/\/mcecleanenergy.org\/wp-content\/uploads\/2024\/08\/charged-by-public-power.png","datePublished":"2024-08-01T16:00:02+00:00","dateModified":"2024-10-31T16:12:28+00:00","description":"The Charged by Public Power program provides recommendations to expand clean mobility solutions such as EV chargers, carshares, and bike shares across the Bay Area.","breadcrumb":{"@id":"https:\/\/mcecleanenergy.org\/transforming-communities-launching-the-charged-by-public-power-program\/#breadcrumb"},"inLanguage":"es","potentialAction":[{"@type":"ReadAction","target":["https:\/\/mcecleanenergy.org\/transforming-communities-launching-the-charged-by-public-power-program\/"]}]},{"@type":"ImageObject","inLanguage":"es","@id":"https:\/\/mcecleanenergy.org\/transforming-communities-launching-the-charged-by-public-power-program\/#primaryimage","url":"https:\/\/mcecleanenergy.org\/wp-content\/uploads\/2024\/08\/charged-by-public-power.png","contentUrl":"https:\/\/mcecleanenergy.org\/wp-content\/uploads\/2024\/08\/charged-by-public-power.png","width":1180,"height":475,"caption":"Launching the Charged by Public Power Program from MCE"},{"@type":"BreadcrumbList","@id":"https:\/\/mcecleanenergy.org\/transforming-communities-launching-the-charged-by-public-power-program\/#breadcrumb","itemListElement":[{"@type":"ListItem","position":1,"name":"Home","item":"https:\/\/mcecleanenergy.org\/"},{"@type":"ListItem","position":2,"name":"Transforming Communities: Launching the Charged by Public Power Program"}]},{"@type":"WebSite","@id":"https:\/\/mcecleanenergy.org\/#website","url":"https:\/\/mcecleanenergy.org\/","name":"MCE - Elecci\u00f3n comunitaria de la energ\u00eda","description":"","publisher":{"@id":"https:\/\/mcecleanenergy.org\/#organization"},"potentialAction":[{"@type":"SearchAction","target":{"@type":"EntryPoint","urlTemplate":"https:\/\/mcecleanenergy.org\/?s={search_term_string}"},"query-input":{"@type":"PropertyValueSpecification","valueRequired":true,"valueName":"search_term_string"}}],"inLanguage":"es"},{"@type":"Organization","@id":"https:\/\/mcecleanenergy.org\/#organization","name":"MCE","url":"https:\/\/mcecleanenergy.org\/","logo":{"@type":"ImageObject","inLanguage":"es","@id":"https:\/\/mcecleanenergy.org\/#\/schema\/logo\/image\/","url":"https:\/\/mcecleanenergy.org\/wp-content\/uploads\/2024\/05\/MCE_Logo_Full-Color_RGB_050324.png","contentUrl":"https:\/\/mcecleanenergy.org\/wp-content\/uploads\/2024\/05\/MCE_Logo_Full-Color_RGB_050324.png","width":5001,"height":2986,"caption":"MCE"},"image":{"@id":"https:\/\/mcecleanenergy.org\/#\/schema\/logo\/image\/"},"sameAs":["https:\/\/www.facebook.com\/mceCleanEnergy\/","https:\/\/x.com\/MCECleanEnergy","https:\/\/www.instagram.com\/mcecleanenergy\/","https:\/\/www.linkedin.com\/company\/mcecleanenergy\/","https:\/\/www.youtube.com\/c\/Mcecleanenergy\/","https:\/\/en.wikipedia.org\/wiki\/Community_Choice_Aggregation#Marin_Clean_Energy"]},{"@type":"Person","@id":"https:\/\/mcecleanenergy.org\/#\/schema\/person\/5583eeeccfdd1a6cdaa0c46fdc106315","name":"Madeline Sarvey","image":{"@type":"ImageObject","inLanguage":"es","@id":"https:\/\/secure.gravatar.com\/avatar\/df1707b930f561073f98d20d58ba4ab4b37a8e9615ed41a61e56365b9723a714?s=96&d=mm&r=g","url":"https:\/\/secure.gravatar.com\/avatar\/df1707b930f561073f98d20d58ba4ab4b37a8e9615ed41a61e56365b9723a714?s=96&d=mm&r=g","contentUrl":"https:\/\/secure.gravatar.com\/avatar\/df1707b930f561073f98d20d58ba4ab4b37a8e9615ed41a61e56365b9723a714?s=96&d=mm&r=g","caption":"Madeline Sarvey"},"url":"https:\/\/mcecleanenergy.org\/es\/author\/madeline-s\/"}]}},"_links":{"self":[{"href":"https:\/\/mcecleanenergy.org\/es\/wp-json\/wp\/v2\/posts\/52637","targetHints":{"allow":["GET"]}}],"collection":[{"href":"https:\/\/mcecleanenergy.org\/es\/wp-json\/wp\/v2\/posts"}],"about":[{"href":"https:\/\/mcecleanenergy.org\/es\/wp-json\/wp\/v2\/types\/post"}],"author":[{"embeddable":true,"href":"https:\/\/mcecleanenergy.org\/es\/wp-json\/wp\/v2\/users\/13"}],"replies":[{"embeddable":true,"href":"https:\/\/mcecleanenergy.org\/es\/wp-json\/wp\/v2\/comments?post=52637"}],"version-history":[{"count":0,"href":"https:\/\/mcecleanenergy.org\/es\/wp-json\/wp\/v2\/posts\/52637\/revisions"}],"wp:featuredmedia":[{"embeddable":true,"href":"https:\/\/mcecleanenergy.org\/es\/wp-json\/wp\/v2\/media\/53425"}],"wp:attachment":[{"href":"https:\/\/mcecleanenergy.org\/es\/wp-json\/wp\/v2\/media?parent=52637"}],"wp:term":[{"taxonomy":"category","embeddable":true,"href":"https:\/\/mcecleanenergy.org\/es\/wp-json\/wp\/v2\/categories?post=52637"},{"taxonomy":"post_tag","embeddable":true,"href":"https:\/\/mcecleanenergy.org\/es\/wp-json\/wp\/v2\/tags?post=52637"}],"curies":[{"name":"wp","href":"https:\/\/api.w.org\/{rel}","templated":true}]}}