{"id":40170,"date":"2021-07-22T09:58:23","date_gmt":"2021-07-22T16:58:23","guid":{"rendered":"https:\/\/mcecleanenergy.org\/what-is-climate-justice\/"},"modified":"2026-04-07T10:13:38","modified_gmt":"2026-04-07T17:13:38","slug":"what-is-climate-justice","status":"publish","type":"post","link":"https:\/\/mcecleanenergy.org\/fr\/what-is-climate-justice\/","title":{"rendered":"Qu'est-ce que la justice climatique ?"},"content":{"rendered":"<div data-elementor-type=\"wp-post\" data-elementor-id=\"40170\" class=\"elementor elementor-40170\" data-elementor-post-type=\"post\">\n\t\t\t\t<div data-particle_enable=\"false\" data-particle-mobile-disabled=\"false\" class=\"elementor-element elementor-element-7748c74e e-flex e-con-boxed e-con e-parent\" data-id=\"7748c74e\" data-element_type=\"container\" data-e-type=\"container\" data-settings=\"{&quot;jet_parallax_layout_list&quot;:[]}\">\n\t\t\t\t\t<div class=\"e-con-inner\">\n\t\t\t\t<div class=\"elementor-element elementor-element-108df8ce elementor-widget elementor-widget-text-editor\" data-id=\"108df8ce\" data-element_type=\"widget\" data-e-type=\"widget\" data-widget_type=\"text-editor.default\">\n\t\t\t\t<div class=\"elementor-widget-container\">\n\t\t\t\t\t\t\t\t\t<h5><strong>La s\u00e9rie MCE Cares se concentre sur les impacts du changement climatique, les strat\u00e9gies d'action climatique et les fa\u00e7ons dont vous pouvez faire la diff\u00e9rence. Le climat est entre nos mains. Quelle action allez-vous entreprendre ? <\/strong><\/h5>\nLe changement climatique accentue les in\u00e9galit\u00e9s en mati\u00e8re de sant\u00e9 publique, de logement et d'\u00e9conomie mondiale. Les Nations unies <a href=\"https:\/\/www.un.org\/sustainabledevelopment\/blog\/2019\/05\/climate-justice\/\" target=\"_blank\" rel=\"noopener\">\u00c9tats<\/a>Les effets du changement climatique ne seront pas support\u00e9s de mani\u00e8re \u00e9gale ou \u00e9quitable par les riches et les pauvres, les femmes et les hommes, les g\u00e9n\u00e9rations anciennes et les jeunes. La justice climatique aborde le changement climatique dans une optique centr\u00e9e sur l'homme et reconna\u00eet les r\u00e9percussions sur les droits de l'homme.\t\t\t\t\t\t\t\t<\/div>\n\t\t\t\t<\/div>\n\t\t<div data-particle_enable=\"false\" data-particle-mobile-disabled=\"false\" class=\"elementor-element elementor-element-7c4ac6f e-flex e-con-boxed e-con e-child\" data-id=\"7c4ac6f\" data-element_type=\"container\" data-e-type=\"container\" data-settings=\"{&quot;jet_parallax_layout_list&quot;:[]}\">\n\t\t\t\t\t<div class=\"e-con-inner\">\n\t\t<div data-particle_enable=\"false\" data-particle-mobile-disabled=\"false\" class=\"elementor-element elementor-element-15d9cac e-con-full e-flex e-con e-child\" data-id=\"15d9cac\" data-element_type=\"container\" data-e-type=\"container\" data-settings=\"{&quot;jet_parallax_layout_list&quot;:[]}\">\n\t\t<div data-particle_enable=\"false\" data-particle-mobile-disabled=\"false\" class=\"elementor-element elementor-element-7bfba22 e-con-full e-flex e-con e-child\" data-id=\"7bfba22\" data-element_type=\"container\" data-e-type=\"container\" data-settings=\"{&quot;jet_parallax_layout_list&quot;:[]}\">\n\t\t\t\t<div class=\"elementor-element elementor-element-738af63 elementor-widget elementor-widget-heading\" data-id=\"738af63\" data-element_type=\"widget\" data-e-type=\"widget\" data-widget_type=\"heading.default\">\n\t\t\t\t<div class=\"elementor-widget-container\">\n\t\t\t\t\t<h2 class=\"elementor-heading-title elementor-size-default\">Pourquoi la justice climatique est-elle importante ?<\/h2>\t\t\t\t<\/div>\n\t\t\t\t<\/div>\n\t\t\t\t<div class=\"elementor-element elementor-element-8868730 elementor-widget elementor-widget-text-editor\" data-id=\"8868730\" data-element_type=\"widget\" data-e-type=\"widget\" data-widget_type=\"text-editor.default\">\n\t\t\t\t<div class=\"elementor-widget-container\">\n\t\t\t\t\t\t\t\t\t<p style=\"letter-spacing: -0.3px;\">Le poids du changement climatique p\u00e8se de mani\u00e8re disproportionn\u00e9e sur les populations vuln\u00e9rables, c'est-\u00e0-dire les communaut\u00e9s \u00e0 faibles revenus qui ont \u00e9t\u00e9 historiquement et syst\u00e9miquement marginalis\u00e9es. Une \u00e9tude r\u00e9cente de l'universit\u00e9 de Stanford indique que l'\u00e9cart de richesse entre les pays les plus riches et les plus pauvres du monde est de 1,5 milliard d'euros.\u00a0<a style=\"text-decoration: var( --e-global-typography-7b46ec8-text-decoration ); font-family: var( --e-global-typography-7b46ec8-font-family ), Sans-serif; font-size: var( --e-global-typography-7b46ec8-font-size ); font-weight: var( --e-global-typography-7b46ec8-font-weight ); line-height: var( --e-global-typography-7b46ec8-line-height ); letter-spacing: var( --e-global-typography-7b46ec8-letter-spacing ); word-spacing: var( --e-global-typography-7b46ec8-word-spacing );\" href=\"https:\/\/earth.stanford.edu\/news\/climate-change-has-worsened-global-economic-inequality#gs.5ttttt\" target=\"_blank\" rel=\"noopener\">25% plus grand<\/a>\u00a0qu'elle ne l'aurait \u00e9t\u00e9 en l'absence de changement climatique.<\/p><p style=\"letter-spacing: -0.3px;\">Au niveau local, les communaut\u00e9s \u00e0 faibles revenus ne disposent souvent pas d'une infrastructure de sant\u00e9 et de s\u00e9curit\u00e9 ad\u00e9quate pour se pr\u00e9parer et r\u00e9pondre aux urgences climatiques. Gr\u00e2ce \u00e0 la justice climatique, les solutions au changement climatique sont centr\u00e9es sur la distribution \u00e9quitable des ressources aux populations qui souffriront le plus.<\/p>\t\t\t\t\t\t\t\t<\/div>\n\t\t\t\t<\/div>\n\t\t\t\t<\/div>\n\t\t<div data-particle_enable=\"false\" data-particle-mobile-disabled=\"false\" class=\"elementor-element elementor-element-cbbfc66 e-con-full e-flex e-con e-child\" data-id=\"cbbfc66\" data-element_type=\"container\" data-e-type=\"container\" data-settings=\"{&quot;jet_parallax_layout_list&quot;:[]}\">\n\t\t\t\t<div class=\"elementor-element elementor-element-951bdfa elementor-widget elementor-widget-image\" data-id=\"951bdfa\" data-element_type=\"widget\" data-e-type=\"widget\" data-widget_type=\"image.default\">\n\t\t\t\t<div class=\"elementor-widget-container\">\n\t\t\t\t\t\t\t\t\t\t\t\t\t\t\t<img fetchpriority=\"high\" decoding=\"async\" width=\"2000\" height=\"729\" src=\"https:\/\/mcecleanenergy.org\/wp-content\/uploads\/2021\/07\/climate-justice-map.gif\" class=\"attachment-full size-full wp-image-5646\" alt=\"\" \/>\t\t\t\t\t\t\t\t\t\t\t\t\t\t\t<\/div>\n\t\t\t\t<\/div>\n\t\t\t\t<div class=\"elementor-element elementor-element-78ef164 elementor-widget elementor-widget-text-editor\" data-id=\"78ef164\" data-element_type=\"widget\" data-e-type=\"widget\" data-widget_type=\"text-editor.default\">\n\t\t\t\t<div class=\"elementor-widget-container\">\n\t\t\t\t\t\t\t\t\t<p>La carte montre les pays o\u00f9 le PIB par habitant a augment\u00e9 ou diminu\u00e9 en raison du r\u00e9chauffement climatique entre 1961 et 2010. La carte de droite pr\u00e9sente les m\u00eames informations \u00e0 partir de 1991, apr\u00e8s que des donn\u00e9es \u00e9conomiques ont \u00e9t\u00e9 rendues disponibles pour un plus grand nombre de pays.\u00a0<\/p>\t\t\t\t\t\t\t\t<\/div>\n\t\t\t\t<\/div>\n\t\t\t\t<div class=\"elementor-element elementor-element-57b4b77 elementor-widget elementor-widget-text-editor\" data-id=\"57b4b77\" data-element_type=\"widget\" data-e-type=\"widget\" data-widget_type=\"text-editor.default\">\n\t\t\t\t<div class=\"elementor-widget-container\">\n\t\t\t\t\t\t\t\t\t<p>(Graphique : Noah Diffenbaugh et Marshall Burke)<\/p>\t\t\t\t\t\t\t\t<\/div>\n\t\t\t\t<\/div>\n\t\t\t\t<\/div>\n\t\t\t\t<\/div>\n\t\t\t\t\t<\/div>\n\t\t\t\t<\/div>\n\t\t<div data-particle_enable=\"false\" data-particle-mobile-disabled=\"false\" class=\"elementor-element elementor-element-9bd3d57 e-flex e-con-boxed e-con e-child\" data-id=\"9bd3d57\" data-element_type=\"container\" data-e-type=\"container\" data-settings=\"{&quot;jet_parallax_layout_list&quot;:[]}\">\n\t\t\t\t\t<div class=\"e-con-inner\">\n\t\t\t\t<div class=\"elementor-element elementor-element-5d7a55e elementor-widget elementor-widget-text-editor\" data-id=\"5d7a55e\" data-element_type=\"widget\" data-e-type=\"widget\" data-widget_type=\"text-editor.default\">\n\t\t\t\t<div class=\"elementor-widget-container\">\n\t\t\t\t\t\t\t\t\t<h2>Qu'est-ce que la transition juste ?<\/h2><p>La transition juste est un cadre de justice climatique qui permet de passer d'une \u00e9conomie extractive \u00e0 une \u00e9conomie r\u00e9g\u00e9n\u00e9ratrice. Ce cadre se concentre sur la construction d'une \u00e9conomie forte tout en donnant la priorit\u00e9 \u00e0 un environnement propre et sain pour tous. Pour parvenir \u00e0 une transition juste, les solutions doivent \u00eatre \u00e9quitables et ax\u00e9es sur la communaut\u00e9. La transition juste peut \u00eatre r\u00e9alis\u00e9e, en partie, par des politiques et des programmes \u00e9nerg\u00e9tiques \u00e9quitables. Les Community Choice Aggregators jouent un r\u00f4le dans la transition juste en impliquant les communaut\u00e9s locales dans la prise de d\u00e9cision et en garantissant l'acc\u00e8s collectif \u00e0 l'eau, au sol et \u00e0 l'air propres.<\/p><h2>\u00c0 quoi ressemblent les solutions en mati\u00e8re de justice climatique dans votre communaut\u00e9 ?<\/h2><p>Les solutions de justice climatique et de transition juste doivent partir de la base et mettre l'accent sur les besoins des membres des communaut\u00e9s locales. Voici comment certains partenaires locaux de MCE d\u00e9fendent la justice climatique.<\/p><p><strong>L'Institut Greenlining<\/strong><\/p><p><a href=\"https:\/\/greenlining.org\/\" target=\"_blank\" rel=\"noopener\">L'Institut Greenlining<\/a> milite pour une \u00e9conomie juste, inclusive et durable en publiant des travaux de recherche et en pr\u00e9conisant des solutions politiques. L'approche de Greenlining s'attaque aux causes profondes des in\u00e9galit\u00e9s \u00e9conomiques et environnementales afin d'am\u00e9liorer les conditions de vie des communaut\u00e9s de couleur. L'organisation met en relation les leaders communautaires avec les d\u00e9cideurs politiques, les chercheurs et les leaders du secteur priv\u00e9 pour travailler sur les questions \u00e9conomiques, environnementales et de sant\u00e9.<\/p><p><strong>Communaut\u00e9s pour un meilleur environnement (CBE)<\/strong><\/p><p>La mission de <a href=\"https:\/\/www.cbecal.org\/\" target=\"_blank\" rel=\"noopener\">CBE<\/a> est de donner aux communaut\u00e9s de couleur et aux communaut\u00e9s \u00e0 faibles revenus de Californie le pouvoir de parvenir \u00e0 la sant\u00e9 et \u00e0 la justice environnementales. Le CBE vise \u00e0 atteindre cet objectif en pr\u00e9venant et en r\u00e9duisant la pollution et en construisant des communaut\u00e9s et des environnements verts, sains et durables. Le CBE propose des \u201cvisites toxiques\u201d pour sensibiliser le public \u00e0 la mani\u00e8re dont la pollution affecte directement les communaut\u00e9s de couleur \u00e0 faibles revenus.<\/p><p><strong>R\u00e9seau environnemental Asie-Pacifique (APEN)<\/strong><\/p><p><a href=\"https:\/\/apen4ej.org\/\" target=\"_blank\" rel=\"noopener\">APEN<\/a> est une organisation de d\u00e9fense de la justice environnementale profond\u00e9ment enracin\u00e9e dans les communaut\u00e9s d'immigrants et de r\u00e9fugi\u00e9s asiatiques de Californie. Son travail consiste \u00e0 cr\u00e9er des coalitions pour favoriser le changement et mettre le pouvoir entre les mains des gens. L'APEN construit des mod\u00e8les de transition vers la justice locale, comme un centre de r\u00e9silience climatique aliment\u00e9 par l'\u00e9nergie solaire et dirig\u00e9 par des jeunes. L'organisation investit \u00e9galement dans la formation et le soutien des leaders des communaut\u00e9s d'immigr\u00e9s et de r\u00e9fugi\u00e9s de la classe ouvri\u00e8re.<\/p><p><strong>Alliance tournesol<\/strong><\/p><p><a href=\"https:\/\/www.sunflower-alliance.org\/\" target=\"_blank\" rel=\"noopener\">Alliance tournesol<\/a> lutte pour la justice environnementale pour les communaut\u00e9s de la r\u00e9gion de la baie en plaidant pour une transition juste vers une \u00e9conomie durable aliment\u00e9e par des ressources renouvelables. L'une de ses principales initiatives consiste \u00e0 stopper l'expansion de l'infrastructure des combustibles fossiles dans la r\u00e9gion de la baie afin de r\u00e9duire les niveaux de pollution et de lutter contre le changement climatique. L'une de ses <a href=\"https:\/\/www.sunflower-alliance.org\/what-we-do\/\" target=\"_blank\" rel=\"noopener\">initiatives en cours<\/a> est de s'opposer \u00e0 l'extension d'un terminal maritime \u00e0 Rodeo qui augmenterait la pollution toxique dans la r\u00e9gion.<\/p><h2>Comment le MCE soutient-il les solutions en mati\u00e8re de justice climatique ?<\/h2><p>MCE s'est engag\u00e9 en faveur de la justice climatique depuis plus de dix ans, en luttant contre l'injustice syst\u00e9mique inh\u00e9rente au secteur de l'\u00e9nergie. En construisant et en achetant plus d'\u00e9nergie renouvelable, nous nettoyons les combustibles fossiles polluants de notre r\u00e9seau commun qui ont un impact disproportionn\u00e9 sur les personnes de couleur. Tous les aspects de la soci\u00e9t\u00e9 sont affect\u00e9s par l'injustice existante, et le secteur de l'\u00e9nergie ne fait pas exception. Voici quelques exemples de la mani\u00e8re dont MCE soutient la justice climatique dans nos communaut\u00e9s :<\/p><ul><li>MCE's <a href=\"https:\/\/mcecleanenergy.org\/fr\/energy-storage-program-clean-energy\/\">Programme Energy Storage<\/a> a allou\u00e9 $6 millions aux installations solaires et de stockage, en donnant la priorit\u00e9 aux installations et aux r\u00e9sidences qui soutiennent les clients \u00e0 faible revenu et m\u00e9dicalement vuln\u00e9rables. MCE offre \u00e9galement des remises pour <a href=\"https:\/\/mcecleanenergy.org\/fr\/ev-rebate\/\">clients ayant droit \u00e0 un revenu<\/a> vers un v\u00e9hicule \u00e9lectrique et a allou\u00e9 $750 000 \u00e0 notre programme de rabais solaire pour les personnes \u00e0 faibles revenus.<\/li><li>MCE aide \u00e0 catalyser la formation professionnelle locale et les opportunit\u00e9s d'embauche. Nos services <a href=\"https:\/\/mcecleanenergy.org\/fr\/local-projects\/#SolarOne\">MCE Solar One (65 acres)<\/a> L'installation de MCE \u00e0 Richmond comprenait une exigence d'embauche locale 50% et le financement de programmes de formation afin que les habitants de Richmond aient la possibilit\u00e9 d'acc\u00e9der \u00e0 des carri\u00e8res vertes. En outre, tous les projets de MCE <a href=\"https:\/\/mcecleanenergy.org\/fr\/feed-in-tariff\/\">Tarif de rachat<\/a> comprennent des exigences en mati\u00e8re d'embauche locale 50% et de salaire en vigueur afin de garantir que les travailleurs sont r\u00e9mun\u00e9r\u00e9s \u00e9quitablement.<\/li><li>La CME m\u00e8ne une action informative <a href=\"https:\/\/mcecleanenergy.org\/fr\/mces-supplier-diversity-efforts\/\">ateliers<\/a> pour mettre en relation nos entreprises locales avec le Supplier Diversity Clearinghouse (centre d'\u00e9change d'informations sur la diversit\u00e9 des fournisseurs) de l'\u00c9tat de Californie. Les entreprises \u00e9ligibles peuvent demander \u00e0 \u00eatre certifi\u00e9es dans le cadre de ce programme de passation de march\u00e9s de services publics afin de renforcer leurs activit\u00e9s. Les entreprises appartenant \u00e0 des femmes, \u00e0 des v\u00e9t\u00e9rans handicap\u00e9s, \u00e0 des LGBTQ et \u00e0 des minorit\u00e9s sont actuellement \u00e9ligibles.<\/li><\/ul><h2>Que pouvez-vous faire ?<\/h2><p>Vous pouvez contribuer \u00e0 soutenir la transition vers une \u00e9conomie r\u00e9g\u00e9n\u00e9ratrice et \u00e0 r\u00e9duire la d\u00e9pendance de la Californie \u00e0 l'\u00e9gard des sources d'\u00e9nergie polluantes en optant pour <a href=\"https:\/\/mcecleanenergy.org\/fr\/opt-up\/\">Deep Green<\/a> 100% d'\u00e9nergie renouvelable. La moiti\u00e9 de la prime de Deep Green est \u00e9galement investie dans le Fonds de d\u00e9veloppement des \u00e9nergies renouvelables et des programmes locaux de MCE, ce qui permet d'installer <a href=\"https:\/\/mcecleanenergy.org\/fr\/ev-charging\/\">ports de recharge pour v\u00e9hicules \u00e9lectriques<\/a> et <a href=\"https:\/\/mcecleanenergy.org\/fr\/local-projects\/#SolarOne\">construire des projets renouvelables<\/a> dans l'ensemble de notre zone de service.<\/p><p>Continuez \u00e0 vous renseigner sur les initiatives de justice climatique dans votre communaut\u00e9 et impliquez-vous dans l'une des organisations \u00e0 fort impact mentionn\u00e9es ci-dessus ou dans d'autres organisations locales.<\/p>\t\t\t\t\t\t\t\t<\/div>\n\t\t\t\t<\/div>\n\t\t\t\t\t<\/div>\n\t\t\t\t<\/div>\n\t\t\t\t\t<\/div>\n\t\t\t\t<\/div>\n\t\t\t\t<\/div>","protected":false},"excerpt":{"rendered":"<p>The MCE Cares series focuses on the impacts of climate change, climate action strategies, and the ways you can make a difference. The climate is in our hands. What action [&hellip;]<\/p>\n","protected":false},"author":2,"featured_media":40171,"comment_status":"open","ping_status":"open","sticky":false,"template":"elementor_theme","format":"standard","meta":{"_acf_changed":false,"_searchwp_excluded":"","footnotes":""},"categories":[823],"tags":[910,375,740],"class_list":["post-40170","post","type-post","status-publish","format-standard","has-post-thumbnail","hentry","category-sustainability-and-climate-action","tag-climate-101","tag-climate-activist","tag-climate-justice"],"acf":[],"yoast_head":"<!-- This site is optimized with the Yoast SEO Premium plugin v27.4 (Yoast SEO v27.4) - https:\/\/yoast.com\/product\/yoast-seo-premium-wordpress\/ -->\n<title>What Is Climate Justice? - MCE Blog<\/title>\n<meta name=\"robots\" content=\"index, follow, max-snippet:-1, max-image-preview:large, max-video-preview:-1\" \/>\n<link rel=\"canonical\" href=\"https:\/\/mcecleanenergy.org\/fr\/what-is-climate-justice\/\" \/>\n<meta property=\"og:locale\" content=\"fr_FR\" \/>\n<meta property=\"og:type\" content=\"article\" \/>\n<meta property=\"og:title\" content=\"What Is Climate Justice?\" \/>\n<meta property=\"og:description\" content=\"The MCE Cares series focuses on the impacts of climate change, climate action strategies, and the ways you can make a difference. The climate is in our\" \/>\n<meta property=\"og:url\" content=\"https:\/\/mcecleanenergy.org\/fr\/what-is-climate-justice\/\" \/>\n<meta property=\"og:site_name\" content=\"MCE \u2013 Community Choice Energy\" \/>\n<meta property=\"article:publisher\" content=\"https:\/\/www.facebook.com\/mceCleanEnergy\/\" \/>\n<meta property=\"article:published_time\" content=\"2021-07-22T16:58:23+00:00\" \/>\n<meta property=\"article:modified_time\" content=\"2026-04-07T17:13:38+00:00\" \/>\n<meta property=\"og:image\" content=\"https:\/\/mcecleanenergy.org\/wp-content\/uploads\/2024\/05\/what-is-climate-justice.jpg\" \/>\n\t<meta property=\"og:image:width\" content=\"1100\" \/>\n\t<meta property=\"og:image:height\" content=\"440\" \/>\n\t<meta property=\"og:image:type\" content=\"image\/jpeg\" \/>\n<meta name=\"author\" content=\"Rohan\" \/>\n<meta name=\"twitter:card\" content=\"summary_large_image\" \/>\n<meta name=\"twitter:creator\" content=\"@MCECleanEnergy\" \/>\n<meta name=\"twitter:site\" content=\"@MCECleanEnergy\" \/>\n<meta name=\"twitter:label1\" content=\"\u00c9crit par\" \/>\n\t<meta name=\"twitter:data1\" content=\"Rohan\" \/>\n\t<meta name=\"twitter:label2\" content=\"Dur\u00e9e de lecture estim\u00e9e\" \/>\n\t<meta name=\"twitter:data2\" content=\"5 minutes\" \/>\n<script type=\"application\/ld+json\" class=\"yoast-schema-graph\">{\"@context\":\"https:\\\/\\\/schema.org\",\"@graph\":[{\"@type\":\"Article\",\"@id\":\"https:\\\/\\\/mcecleanenergy.org\\\/what-is-climate-justice\\\/#article\",\"isPartOf\":{\"@id\":\"https:\\\/\\\/mcecleanenergy.org\\\/what-is-climate-justice\\\/\"},\"author\":{\"name\":\"Rohan\",\"@id\":\"https:\\\/\\\/mcecleanenergy.org\\\/#\\\/schema\\\/person\\\/8ce2f62799413aaa2b6868dc9b471748\"},\"headline\":\"What Is Climate Justice?\",\"datePublished\":\"2021-07-22T16:58:23+00:00\",\"dateModified\":\"2026-04-07T17:13:38+00:00\",\"mainEntityOfPage\":{\"@id\":\"https:\\\/\\\/mcecleanenergy.org\\\/what-is-climate-justice\\\/\"},\"wordCount\":963,\"commentCount\":0,\"publisher\":{\"@id\":\"https:\\\/\\\/mcecleanenergy.org\\\/#organization\"},\"image\":{\"@id\":\"https:\\\/\\\/mcecleanenergy.org\\\/what-is-climate-justice\\\/#primaryimage\"},\"thumbnailUrl\":\"https:\\\/\\\/mcecleanenergy.org\\\/wp-content\\\/uploads\\\/2024\\\/05\\\/what-is-climate-justice.jpg\",\"keywords\":[\"climate 101\",\"Climate Activist\",\"climate justice\"],\"articleSection\":[\"Sustainability and Climate Action\"],\"inLanguage\":\"fr-FR\",\"potentialAction\":[{\"@type\":\"CommentAction\",\"name\":\"Comment\",\"target\":[\"https:\\\/\\\/mcecleanenergy.org\\\/what-is-climate-justice\\\/#respond\"]}]},{\"@type\":\"WebPage\",\"@id\":\"https:\\\/\\\/mcecleanenergy.org\\\/what-is-climate-justice\\\/\",\"url\":\"https:\\\/\\\/mcecleanenergy.org\\\/what-is-climate-justice\\\/\",\"name\":\"What Is Climate Justice? - MCE Blog\",\"isPartOf\":{\"@id\":\"https:\\\/\\\/mcecleanenergy.org\\\/#website\"},\"primaryImageOfPage\":{\"@id\":\"https:\\\/\\\/mcecleanenergy.org\\\/what-is-climate-justice\\\/#primaryimage\"},\"image\":{\"@id\":\"https:\\\/\\\/mcecleanenergy.org\\\/what-is-climate-justice\\\/#primaryimage\"},\"thumbnailUrl\":\"https:\\\/\\\/mcecleanenergy.org\\\/wp-content\\\/uploads\\\/2024\\\/05\\\/what-is-climate-justice.jpg\",\"datePublished\":\"2021-07-22T16:58:23+00:00\",\"dateModified\":\"2026-04-07T17:13:38+00:00\",\"breadcrumb\":{\"@id\":\"https:\\\/\\\/mcecleanenergy.org\\\/what-is-climate-justice\\\/#breadcrumb\"},\"inLanguage\":\"fr-FR\",\"potentialAction\":[{\"@type\":\"ReadAction\",\"target\":[\"https:\\\/\\\/mcecleanenergy.org\\\/what-is-climate-justice\\\/\"]}]},{\"@type\":\"ImageObject\",\"inLanguage\":\"fr-FR\",\"@id\":\"https:\\\/\\\/mcecleanenergy.org\\\/what-is-climate-justice\\\/#primaryimage\",\"url\":\"https:\\\/\\\/mcecleanenergy.org\\\/wp-content\\\/uploads\\\/2024\\\/05\\\/what-is-climate-justice.jpg\",\"contentUrl\":\"https:\\\/\\\/mcecleanenergy.org\\\/wp-content\\\/uploads\\\/2024\\\/05\\\/what-is-climate-justice.jpg\",\"width\":1100,\"height\":440},{\"@type\":\"BreadcrumbList\",\"@id\":\"https:\\\/\\\/mcecleanenergy.org\\\/what-is-climate-justice\\\/#breadcrumb\",\"itemListElement\":[{\"@type\":\"ListItem\",\"position\":1,\"name\":\"Home\",\"item\":\"https:\\\/\\\/mcecleanenergy.org\\\/\"},{\"@type\":\"ListItem\",\"position\":2,\"name\":\"What Is Climate Justice?\"}]},{\"@type\":\"WebSite\",\"@id\":\"https:\\\/\\\/mcecleanenergy.org\\\/#website\",\"url\":\"https:\\\/\\\/mcecleanenergy.org\\\/\",\"name\":\"MCE \u2013 Community Choice Energy\",\"description\":\"\",\"publisher\":{\"@id\":\"https:\\\/\\\/mcecleanenergy.org\\\/#organization\"},\"potentialAction\":[{\"@type\":\"SearchAction\",\"target\":{\"@type\":\"EntryPoint\",\"urlTemplate\":\"https:\\\/\\\/mcecleanenergy.org\\\/?s={search_term_string}\"},\"query-input\":{\"@type\":\"PropertyValueSpecification\",\"valueRequired\":true,\"valueName\":\"search_term_string\"}}],\"inLanguage\":\"fr-FR\"},{\"@type\":\"Organization\",\"@id\":\"https:\\\/\\\/mcecleanenergy.org\\\/#organization\",\"name\":\"MCE\",\"url\":\"https:\\\/\\\/mcecleanenergy.org\\\/\",\"logo\":{\"@type\":\"ImageObject\",\"inLanguage\":\"fr-FR\",\"@id\":\"https:\\\/\\\/mcecleanenergy.org\\\/#\\\/schema\\\/logo\\\/image\\\/\",\"url\":\"https:\\\/\\\/mcecleanenergy.org\\\/wp-content\\\/uploads\\\/2024\\\/05\\\/MCE_Logo_Full-Color_RGB_050324.png\",\"contentUrl\":\"https:\\\/\\\/mcecleanenergy.org\\\/wp-content\\\/uploads\\\/2024\\\/05\\\/MCE_Logo_Full-Color_RGB_050324.png\",\"width\":5001,\"height\":2986,\"caption\":\"MCE\"},\"image\":{\"@id\":\"https:\\\/\\\/mcecleanenergy.org\\\/#\\\/schema\\\/logo\\\/image\\\/\"},\"sameAs\":[\"https:\\\/\\\/www.facebook.com\\\/mceCleanEnergy\\\/\",\"https:\\\/\\\/x.com\\\/MCECleanEnergy\",\"https:\\\/\\\/www.instagram.com\\\/mcecleanenergy\\\/\",\"https:\\\/\\\/www.linkedin.com\\\/company\\\/mcecleanenergy\\\/\",\"https:\\\/\\\/www.youtube.com\\\/c\\\/Mcecleanenergy\\\/\",\"https:\\\/\\\/en.wikipedia.org\\\/wiki\\\/Community_Choice_Aggregation#Marin_Clean_Energy\"]},{\"@type\":\"Person\",\"@id\":\"https:\\\/\\\/mcecleanenergy.org\\\/#\\\/schema\\\/person\\\/8ce2f62799413aaa2b6868dc9b471748\",\"name\":\"Rohan\",\"image\":{\"@type\":\"ImageObject\",\"inLanguage\":\"fr-FR\",\"@id\":\"https:\\\/\\\/secure.gravatar.com\\\/avatar\\\/08c0249ed3a34e3695a3cb94fc48aa840d636d2ba6af19ac1dd65e5303c3c992?s=96&d=mm&r=g\",\"url\":\"https:\\\/\\\/secure.gravatar.com\\\/avatar\\\/08c0249ed3a34e3695a3cb94fc48aa840d636d2ba6af19ac1dd65e5303c3c992?s=96&d=mm&r=g\",\"contentUrl\":\"https:\\\/\\\/secure.gravatar.com\\\/avatar\\\/08c0249ed3a34e3695a3cb94fc48aa840d636d2ba6af19ac1dd65e5303c3c992?s=96&d=mm&r=g\",\"caption\":\"Rohan\"},\"url\":\"https:\\\/\\\/mcecleanenergy.org\\\/fr\\\/author\\\/rohan\\\/\"}]}<\/script>\n<!-- \/ Yoast SEO Premium plugin. -->","yoast_head_json":{"title":"What Is Climate Justice? - MCE Blog","robots":{"index":"index","follow":"follow","max-snippet":"max-snippet:-1","max-image-preview":"max-image-preview:large","max-video-preview":"max-video-preview:-1"},"canonical":"https:\/\/mcecleanenergy.org\/fr\/what-is-climate-justice\/","og_locale":"fr_FR","og_type":"article","og_title":"What Is Climate Justice?","og_description":"The MCE Cares series focuses on the impacts of climate change, climate action strategies, and the ways you can make a difference. The climate is in our","og_url":"https:\/\/mcecleanenergy.org\/fr\/what-is-climate-justice\/","og_site_name":"MCE \u2013 Community Choice Energy","article_publisher":"https:\/\/www.facebook.com\/mceCleanEnergy\/","article_published_time":"2021-07-22T16:58:23+00:00","article_modified_time":"2026-04-07T17:13:38+00:00","og_image":[{"width":1100,"height":440,"url":"https:\/\/mcecleanenergy.org\/wp-content\/uploads\/2024\/05\/what-is-climate-justice.jpg","type":"image\/jpeg"}],"author":"Rohan","twitter_card":"summary_large_image","twitter_creator":"@MCECleanEnergy","twitter_site":"@MCECleanEnergy","twitter_misc":{"\u00c9crit par":"Rohan","Dur\u00e9e de lecture estim\u00e9e":"5 minutes"},"schema":{"@context":"https:\/\/schema.org","@graph":[{"@type":"Article","@id":"https:\/\/mcecleanenergy.org\/what-is-climate-justice\/#article","isPartOf":{"@id":"https:\/\/mcecleanenergy.org\/what-is-climate-justice\/"},"author":{"name":"Rohan","@id":"https:\/\/mcecleanenergy.org\/#\/schema\/person\/8ce2f62799413aaa2b6868dc9b471748"},"headline":"What Is Climate Justice?","datePublished":"2021-07-22T16:58:23+00:00","dateModified":"2026-04-07T17:13:38+00:00","mainEntityOfPage":{"@id":"https:\/\/mcecleanenergy.org\/what-is-climate-justice\/"},"wordCount":963,"commentCount":0,"publisher":{"@id":"https:\/\/mcecleanenergy.org\/#organization"},"image":{"@id":"https:\/\/mcecleanenergy.org\/what-is-climate-justice\/#primaryimage"},"thumbnailUrl":"https:\/\/mcecleanenergy.org\/wp-content\/uploads\/2024\/05\/what-is-climate-justice.jpg","keywords":["climate 101","Climate Activist","climate justice"],"articleSection":["Sustainability and Climate Action"],"inLanguage":"fr-FR","potentialAction":[{"@type":"CommentAction","name":"Comment","target":["https:\/\/mcecleanenergy.org\/what-is-climate-justice\/#respond"]}]},{"@type":"WebPage","@id":"https:\/\/mcecleanenergy.org\/what-is-climate-justice\/","url":"https:\/\/mcecleanenergy.org\/what-is-climate-justice\/","name":"What Is Climate Justice? - MCE Blog","isPartOf":{"@id":"https:\/\/mcecleanenergy.org\/#website"},"primaryImageOfPage":{"@id":"https:\/\/mcecleanenergy.org\/what-is-climate-justice\/#primaryimage"},"image":{"@id":"https:\/\/mcecleanenergy.org\/what-is-climate-justice\/#primaryimage"},"thumbnailUrl":"https:\/\/mcecleanenergy.org\/wp-content\/uploads\/2024\/05\/what-is-climate-justice.jpg","datePublished":"2021-07-22T16:58:23+00:00","dateModified":"2026-04-07T17:13:38+00:00","breadcrumb":{"@id":"https:\/\/mcecleanenergy.org\/what-is-climate-justice\/#breadcrumb"},"inLanguage":"fr-FR","potentialAction":[{"@type":"ReadAction","target":["https:\/\/mcecleanenergy.org\/what-is-climate-justice\/"]}]},{"@type":"ImageObject","inLanguage":"fr-FR","@id":"https:\/\/mcecleanenergy.org\/what-is-climate-justice\/#primaryimage","url":"https:\/\/mcecleanenergy.org\/wp-content\/uploads\/2024\/05\/what-is-climate-justice.jpg","contentUrl":"https:\/\/mcecleanenergy.org\/wp-content\/uploads\/2024\/05\/what-is-climate-justice.jpg","width":1100,"height":440},{"@type":"BreadcrumbList","@id":"https:\/\/mcecleanenergy.org\/what-is-climate-justice\/#breadcrumb","itemListElement":[{"@type":"ListItem","position":1,"name":"Home","item":"https:\/\/mcecleanenergy.org\/"},{"@type":"ListItem","position":2,"name":"What Is Climate Justice?"}]},{"@type":"WebSite","@id":"https:\/\/mcecleanenergy.org\/#website","url":"https:\/\/mcecleanenergy.org\/","name":"MCE - \u00c9nergie de choix communautaire","description":"","publisher":{"@id":"https:\/\/mcecleanenergy.org\/#organization"},"potentialAction":[{"@type":"SearchAction","target":{"@type":"EntryPoint","urlTemplate":"https:\/\/mcecleanenergy.org\/?s={search_term_string}"},"query-input":{"@type":"PropertyValueSpecification","valueRequired":true,"valueName":"search_term_string"}}],"inLanguage":"fr-FR"},{"@type":"Organization","@id":"https:\/\/mcecleanenergy.org\/#organization","name":"MCE","url":"https:\/\/mcecleanenergy.org\/","logo":{"@type":"ImageObject","inLanguage":"fr-FR","@id":"https:\/\/mcecleanenergy.org\/#\/schema\/logo\/image\/","url":"https:\/\/mcecleanenergy.org\/wp-content\/uploads\/2024\/05\/MCE_Logo_Full-Color_RGB_050324.png","contentUrl":"https:\/\/mcecleanenergy.org\/wp-content\/uploads\/2024\/05\/MCE_Logo_Full-Color_RGB_050324.png","width":5001,"height":2986,"caption":"MCE"},"image":{"@id":"https:\/\/mcecleanenergy.org\/#\/schema\/logo\/image\/"},"sameAs":["https:\/\/www.facebook.com\/mceCleanEnergy\/","https:\/\/x.com\/MCECleanEnergy","https:\/\/www.instagram.com\/mcecleanenergy\/","https:\/\/www.linkedin.com\/company\/mcecleanenergy\/","https:\/\/www.youtube.com\/c\/Mcecleanenergy\/","https:\/\/en.wikipedia.org\/wiki\/Community_Choice_Aggregation#Marin_Clean_Energy"]},{"@type":"Person","@id":"https:\/\/mcecleanenergy.org\/#\/schema\/person\/8ce2f62799413aaa2b6868dc9b471748","name":"Rohan","image":{"@type":"ImageObject","inLanguage":"fr-FR","@id":"https:\/\/secure.gravatar.com\/avatar\/08c0249ed3a34e3695a3cb94fc48aa840d636d2ba6af19ac1dd65e5303c3c992?s=96&d=mm&r=g","url":"https:\/\/secure.gravatar.com\/avatar\/08c0249ed3a34e3695a3cb94fc48aa840d636d2ba6af19ac1dd65e5303c3c992?s=96&d=mm&r=g","contentUrl":"https:\/\/secure.gravatar.com\/avatar\/08c0249ed3a34e3695a3cb94fc48aa840d636d2ba6af19ac1dd65e5303c3c992?s=96&d=mm&r=g","caption":"Rohan"},"url":"https:\/\/mcecleanenergy.org\/fr\/author\/rohan\/"}]}},"_links":{"self":[{"href":"https:\/\/mcecleanenergy.org\/fr\/wp-json\/wp\/v2\/posts\/40170","targetHints":{"allow":["GET"]}}],"collection":[{"href":"https:\/\/mcecleanenergy.org\/fr\/wp-json\/wp\/v2\/posts"}],"about":[{"href":"https:\/\/mcecleanenergy.org\/fr\/wp-json\/wp\/v2\/types\/post"}],"author":[{"embeddable":true,"href":"https:\/\/mcecleanenergy.org\/fr\/wp-json\/wp\/v2\/users\/2"}],"replies":[{"embeddable":true,"href":"https:\/\/mcecleanenergy.org\/fr\/wp-json\/wp\/v2\/comments?post=40170"}],"version-history":[{"count":9,"href":"https:\/\/mcecleanenergy.org\/fr\/wp-json\/wp\/v2\/posts\/40170\/revisions"}],"predecessor-version":[{"id":78504,"href":"https:\/\/mcecleanenergy.org\/fr\/wp-json\/wp\/v2\/posts\/40170\/revisions\/78504"}],"wp:featuredmedia":[{"embeddable":true,"href":"https:\/\/mcecleanenergy.org\/fr\/wp-json\/wp\/v2\/media\/40171"}],"wp:attachment":[{"href":"https:\/\/mcecleanenergy.org\/fr\/wp-json\/wp\/v2\/media?parent=40170"}],"wp:term":[{"taxonomy":"category","embeddable":true,"href":"https:\/\/mcecleanenergy.org\/fr\/wp-json\/wp\/v2\/categories?post=40170"},{"taxonomy":"post_tag","embeddable":true,"href":"https:\/\/mcecleanenergy.org\/fr\/wp-json\/wp\/v2\/tags?post=40170"}],"curies":[{"name":"wp","href":"https:\/\/api.w.org\/{rel}","templated":true}]}}