{"id":40300,"date":"2022-03-28T09:59:21","date_gmt":"2022-03-28T16:59:21","guid":{"rendered":"https:\/\/mcecleanenergy.org\/mce-signs-contract-for-first-local-solar-plus-storage-project\/"},"modified":"2024-06-13T12:05:15","modified_gmt":"2024-06-13T19:05:15","slug":"mce-signs-contract-for-first-local-solar-plus-storage-project","status":"publish","type":"post","link":"https:\/\/mcecleanenergy.org\/fr\/mce-signs-contract-for-first-local-solar-plus-storage-project\/","title":{"rendered":"MCE signe un contrat pour le premier projet de stockage de Local Solar Plus"},"content":{"rendered":"<div data-elementor-type=\"wp-post\" data-elementor-id=\"40300\" class=\"elementor elementor-40300\" data-elementor-post-type=\"post\">\n\t\t\t\t<div data-particle_enable=\"false\" data-particle-mobile-disabled=\"false\" class=\"elementor-element elementor-element-56140035 e-flex e-con-boxed e-con e-parent\" data-id=\"56140035\" data-element_type=\"container\" data-e-type=\"container\" data-settings=\"{&quot;jet_parallax_layout_list&quot;:[]}\">\n\t\t\t\t\t<div class=\"e-con-inner\">\n\t\t\t\t<div class=\"elementor-element elementor-element-9dea068 elementor-widget elementor-widget-text-editor\" data-id=\"9dea068\" data-element_type=\"widget\" data-e-type=\"widget\" data-widget_type=\"text-editor.default\">\n\t\t\t\t<div class=\"elementor-widget-container\">\n\t\t\t\t\t\t\t\t\t<h2>Le projet solaire Ranch Sereno de 2 MW dans le comt\u00e9 de Contra Costa comprend une batterie de 800 kW<\/h2><p><strong>POUR PUBLICATION IMM\u00c9DIATE<\/strong>\u00a028 mars 2022<\/p><p><strong>Contact presse MCE :<\/strong><br \/>Jenna Tenney, responsable du marketing et de la communication<br \/>(925) 378-6747 |\u00a0<a href=\"mailto:communications@mcecleanenergy.org\" target=\"_blank\" rel=\"noopener noreferrer\" data-uw-node-idx=\"861\" data-uw-styling-context=\"true\">communications@mceCleanEnergy.org<\/a><\/p><p><strong>SAN RAFAEL et CONCORD, Calif.<\/strong> - Le 23 f\u00e9vrier 2022, MCE a sign\u00e9 son premier contrat de stockage local en batterie \u00e0 Ranch Sereno, \u00e0 Byron, dans le comt\u00e9 de Contra Costa non incorpor\u00e9. Le projet fait partie de <a href=\"https:\/\/mcecleanenergy.org\/fr\/feed-in-tariff\/#FITPlus\">Le programme Feed-In Tariff Plus de MCE<\/a> et comprend 2 m\u00e9gawatts d'\u00e9nergie solaire et une batterie de 800 kilowatts. MCE pr\u00e9voit de payer $8 millions pour la production d'\u00e9nergie et la capacit\u00e9 de stockage sur ce site au cours des 20 prochaines ann\u00e9es.<\/p>\t\t\t\t\t\t\t\t<\/div>\n\t\t\t\t<\/div>\n\t\t\t\t\t<\/div>\n\t\t\t\t<\/div>\n\t\t<div data-particle_enable=\"false\" data-particle-mobile-disabled=\"false\" class=\"elementor-element elementor-element-3461bc85 e-flex e-con-boxed e-con e-parent\" data-id=\"3461bc85\" data-element_type=\"container\" data-e-type=\"container\" data-settings=\"{&quot;jet_parallax_layout_list&quot;:[],&quot;background_background&quot;:&quot;classic&quot;}\">\n\t\t\t\t\t<div class=\"e-con-inner\">\n\t\t\t\t<div class=\"elementor-element elementor-element-69877a5e elementor-blockquote--align-left elementor-blockquote--skin-border elementor-widget elementor-widget-blockquote\" data-id=\"69877a5e\" data-element_type=\"widget\" data-e-type=\"widget\" data-widget_type=\"blockquote.default\">\n\t\t\t\t<div class=\"elementor-widget-container\">\n\t\t\t\t\t\t\t<blockquote class=\"elementor-blockquote\">\n\t\t\t<p class=\"elementor-blockquote__content\">\n\t\t\t\t\u201cMCE exige un stockage sur batterie pour tous les nouveaux projets solaires locaux afin de cr\u00e9er un r\u00e9seau \u00e9lectrique plus fiable et plus propre\u201d, a d\u00e9clar\u00e9 Dawn Weisz, PDG de MCE. \u201cLes projets de stockage d'\u00e9nergie d\u00e9centralis\u00e9s \u00e0 petite \u00e9chelle comme celui-ci sont la pierre angulaire de notre transition vers un avenir \u00e9nerg\u00e9tique renouvelable de 100%.\u201d\t\t\t<\/p>\n\t\t\t\t\t<\/blockquote>\n\t\t\t\t\t\t<\/div>\n\t\t\t\t<\/div>\n\t\t\t\t\t<\/div>\n\t\t\t\t<\/div>\n\t\t<div data-particle_enable=\"false\" data-particle-mobile-disabled=\"false\" class=\"elementor-element elementor-element-6b9db87 e-flex e-con-boxed e-con e-parent\" data-id=\"6b9db87\" data-element_type=\"container\" data-e-type=\"container\" data-settings=\"{&quot;jet_parallax_layout_list&quot;:[]}\">\n\t\t\t\t\t<div class=\"e-con-inner\">\n\t\t\t\t<div class=\"elementor-element elementor-element-795c04b elementor-widget elementor-widget-text-editor\" data-id=\"795c04b\" data-element_type=\"widget\" data-e-type=\"widget\" data-widget_type=\"text-editor.default\">\n\t\t\t\t<div class=\"elementor-widget-container\">\n\t\t\t\t\t\t\t\t\t<p>Le projet Ranch Sereno produira suffisamment d'\u00e9lectricit\u00e9 pour alimenter plus de 800 foyers par an et comprendra un syst\u00e8me de stockage avec une capacit\u00e9 de r\u00e9partition de 4 heures. L'\u00e9nergie produite par le projet solaire sera stock\u00e9e pendant la journ\u00e9e, lorsque les prix de la demande sont bas, et d\u00e9charg\u00e9e pendant les heures de forte demande, de 16 heures \u00e0 21 heures. Avec l'ajout de Ranch Sereno, MCE dispose d\u00e9sormais de plus de 135 MW (615 MWh) de stockage en batterie sous contrat.<\/p><p>Le programme de tarifs de rachat garantis de MCE comprend \u00e9galement des exigences en mati\u00e8re de travail syndical, de salaires en vigueur, d'embauche locale 50% pour les travailleurs du projet, et de couverture v\u00e9g\u00e9tale respectueuse des pollinisateurs sur l'ensemble du site du projet. Ces exigences suppl\u00e9mentaires du programme permettent \u00e0 MCE d'approfondir son investissement dans l'\u00e9conomie de l'\u00e9nergie propre et de favoriser la biodiversit\u00e9 locale.<\/p><p>Pour en savoir plus sur les autres projets locaux de MCE, voir <a href=\"https:\/\/mcecleanenergy.org\/fr\/local-projects\/\">mceCleanEnergy.org\/local-projects\/<\/a><\/p><p style=\"text-align: center;\">###<\/p><p><em>\u00c0 propos de MCE :<\/em> <em>MCE est une agence publique innovante, \u00e0 but non lucratif, qui \u00e9tablit la norme en mati\u00e8re d'\u00e9nergie propre dans nos communaut\u00e9s depuis 2010.  MCE propose davantage d'\u00e9nergie renouvelable \u00e0 des tarifs stables, ce qui r\u00e9duit consid\u00e9rablement les \u00e9missions de gaz \u00e0 effet de serre li\u00e9es \u00e0 l'\u00e9nergie et permet de r\u00e9investir des millions de dollars dans des programmes \u00e9nerg\u00e9tiques locaux. MCE est une entit\u00e9 de service de charge qui soutient une charge de pointe de 1 200 MW. MCE fournit des services d'\u00e9lectricit\u00e9 et des programmes innovants \u00e0 plus de 540 000 clients et \u00e0 plus d'un million de r\u00e9sidents et d'entreprises dans 37 communaut\u00e9s membres r\u00e9parties dans quatre comt\u00e9s de la Bay Area : Contra Costa, Marin, Napa et Solano. Pour plus d'informations sur MCE, visitez le site <\/em><em><a href=\"https:\/\/mcecleanenergy.org\/fr\/\">mceCleanEnergy.org<\/a>ou suivez-nous sur <a href=\"https:\/\/www.facebook.com\/mceCleanEnergy\" target=\"_blank\" rel=\"noopener\">Facebook<\/a>, <a href=\"https:\/\/www.linkedin.com\/company\/mcecleanenergy\/\" target=\"_blank\" rel=\"noopener\">LinkedIn<\/a>, <a href=\"https:\/\/twitter.com\/mcecleanenergy?lang=en\" target=\"_blank\" rel=\"noopener\">Twitter<\/a> et <a href=\"https:\/\/www.instagram.com\/mcecleanenergy\/?hl=en\" target=\"_blank\" rel=\"noopener\">Instagram<\/a>.<\/em><\/p><p><a href=\"https:\/\/mcecleanenergy.org\/wp-content\/uploads\/2022\/03\/MCE-Signs-Contract-for-First-Local-Solar-Plus-Storage-Project.pdf\" target=\"_blank\" rel=\"noopener\">T\u00e9l\u00e9charger le communiqu\u00e9 de presse<\/a> (pdf)<\/p>\t\t\t\t\t\t\t\t<\/div>\n\t\t\t\t<\/div>\n\t\t\t\t\t<\/div>\n\t\t\t\t<\/div>\n\t\t\t\t<\/div>","protected":false},"excerpt":{"rendered":"<p>Ranch Sereno 2 MW Solar Project in Contra Costa County Includes 800 kW Battery FOR IMMEDIATE RELEASE\u00a0March 28, 2022 MCE Press Contact:Jenna Tenney, Marketing &amp; Communications Manager(925) 378-6747 |\u00a0communications@mceCleanEnergy.org SAN [&hellip;]<\/p>\n","protected":false},"author":2,"featured_media":40301,"comment_status":"open","ping_status":"open","sticky":false,"template":"elementor_theme","format":"standard","meta":{"_acf_changed":false,"_searchwp_excluded":"","footnotes":""},"categories":[29],"tags":[382],"class_list":["post-40300","post","type-post","status-publish","format-standard","has-post-thumbnail","hentry","category-press-releases","tag-energy-storage"],"acf":[],"yoast_head":"<!-- This site is optimized with the Yoast SEO Premium plugin v27.4 (Yoast SEO v27.4) - https:\/\/yoast.com\/product\/yoast-seo-premium-wordpress\/ -->\n<title>MCE Signs Contract for First Local Solar Plus Storage Project - Press Release<\/title>\n<meta name=\"robots\" content=\"index, follow, max-snippet:-1, max-image-preview:large, max-video-preview:-1\" \/>\n<link rel=\"canonical\" href=\"https:\/\/mcecleanenergy.org\/fr\/mce-signs-contract-for-first-local-solar-plus-storage-project\/\" \/>\n<meta property=\"og:locale\" content=\"fr_FR\" \/>\n<meta property=\"og:type\" content=\"article\" \/>\n<meta property=\"og:title\" content=\"MCE Signs Contract for First Local Solar Plus Storage Project\" \/>\n<meta property=\"og:description\" content=\"Ranch Sereno 2 MW Solar Project in Contra Costa County Includes 800 kW BatteryFOR IMMEDIATE RELEASE\u00a0March 28, 2022MCE Press Contact:Jenna Tenney,\" \/>\n<meta property=\"og:url\" content=\"https:\/\/mcecleanenergy.org\/fr\/mce-signs-contract-for-first-local-solar-plus-storage-project\/\" \/>\n<meta property=\"og:site_name\" content=\"MCE \u2013 Community Choice Energy\" \/>\n<meta property=\"article:publisher\" content=\"https:\/\/www.facebook.com\/mceCleanEnergy\/\" \/>\n<meta property=\"article:published_time\" content=\"2022-03-28T16:59:21+00:00\" \/>\n<meta property=\"article:modified_time\" content=\"2024-06-13T19:05:15+00:00\" \/>\n<meta property=\"og:image\" content=\"https:\/\/mcecleanenergy.org\/wp-content\/uploads\/2024\/05\/rancho-sereno-press-release-min.png\" \/>\n\t<meta property=\"og:image:width\" content=\"1100\" \/>\n\t<meta property=\"og:image:height\" content=\"440\" \/>\n\t<meta property=\"og:image:type\" content=\"image\/png\" \/>\n<meta name=\"author\" content=\"Rohan\" \/>\n<meta name=\"twitter:card\" content=\"summary_large_image\" \/>\n<meta name=\"twitter:creator\" content=\"@MCECleanEnergy\" \/>\n<meta name=\"twitter:site\" content=\"@MCECleanEnergy\" \/>\n<meta name=\"twitter:label1\" content=\"\u00c9crit par\" \/>\n\t<meta name=\"twitter:data1\" content=\"Rohan\" \/>\n\t<meta name=\"twitter:label2\" content=\"Dur\u00e9e de lecture estim\u00e9e\" \/>\n\t<meta name=\"twitter:data2\" content=\"2 minutes\" \/>\n<script type=\"application\/ld+json\" class=\"yoast-schema-graph\">{\"@context\":\"https:\\\/\\\/schema.org\",\"@graph\":[{\"@type\":\"Article\",\"@id\":\"https:\\\/\\\/mcecleanenergy.org\\\/mce-signs-contract-for-first-local-solar-plus-storage-project\\\/#article\",\"isPartOf\":{\"@id\":\"https:\\\/\\\/mcecleanenergy.org\\\/mce-signs-contract-for-first-local-solar-plus-storage-project\\\/\"},\"author\":{\"name\":\"Rohan\",\"@id\":\"https:\\\/\\\/mcecleanenergy.org\\\/#\\\/schema\\\/person\\\/8ce2f62799413aaa2b6868dc9b471748\"},\"headline\":\"MCE Signs Contract for First Local Solar Plus Storage Project\",\"datePublished\":\"2022-03-28T16:59:21+00:00\",\"dateModified\":\"2024-06-13T19:05:15+00:00\",\"mainEntityOfPage\":{\"@id\":\"https:\\\/\\\/mcecleanenergy.org\\\/mce-signs-contract-for-first-local-solar-plus-storage-project\\\/\"},\"wordCount\":396,\"commentCount\":0,\"publisher\":{\"@id\":\"https:\\\/\\\/mcecleanenergy.org\\\/#organization\"},\"image\":{\"@id\":\"https:\\\/\\\/mcecleanenergy.org\\\/mce-signs-contract-for-first-local-solar-plus-storage-project\\\/#primaryimage\"},\"thumbnailUrl\":\"https:\\\/\\\/mcecleanenergy.org\\\/wp-content\\\/uploads\\\/2024\\\/05\\\/rancho-sereno-press-release-min.png\",\"keywords\":[\"energy storage\"],\"articleSection\":[\"Press Releases\"],\"inLanguage\":\"fr-FR\",\"potentialAction\":[{\"@type\":\"CommentAction\",\"name\":\"Comment\",\"target\":[\"https:\\\/\\\/mcecleanenergy.org\\\/mce-signs-contract-for-first-local-solar-plus-storage-project\\\/#respond\"]}]},{\"@type\":\"WebPage\",\"@id\":\"https:\\\/\\\/mcecleanenergy.org\\\/mce-signs-contract-for-first-local-solar-plus-storage-project\\\/\",\"url\":\"https:\\\/\\\/mcecleanenergy.org\\\/mce-signs-contract-for-first-local-solar-plus-storage-project\\\/\",\"name\":\"MCE Signs Contract for First Local Solar Plus Storage Project - Press Release\",\"isPartOf\":{\"@id\":\"https:\\\/\\\/mcecleanenergy.org\\\/#website\"},\"primaryImageOfPage\":{\"@id\":\"https:\\\/\\\/mcecleanenergy.org\\\/mce-signs-contract-for-first-local-solar-plus-storage-project\\\/#primaryimage\"},\"image\":{\"@id\":\"https:\\\/\\\/mcecleanenergy.org\\\/mce-signs-contract-for-first-local-solar-plus-storage-project\\\/#primaryimage\"},\"thumbnailUrl\":\"https:\\\/\\\/mcecleanenergy.org\\\/wp-content\\\/uploads\\\/2024\\\/05\\\/rancho-sereno-press-release-min.png\",\"datePublished\":\"2022-03-28T16:59:21+00:00\",\"dateModified\":\"2024-06-13T19:05:15+00:00\",\"breadcrumb\":{\"@id\":\"https:\\\/\\\/mcecleanenergy.org\\\/mce-signs-contract-for-first-local-solar-plus-storage-project\\\/#breadcrumb\"},\"inLanguage\":\"fr-FR\",\"potentialAction\":[{\"@type\":\"ReadAction\",\"target\":[\"https:\\\/\\\/mcecleanenergy.org\\\/mce-signs-contract-for-first-local-solar-plus-storage-project\\\/\"]}]},{\"@type\":\"ImageObject\",\"inLanguage\":\"fr-FR\",\"@id\":\"https:\\\/\\\/mcecleanenergy.org\\\/mce-signs-contract-for-first-local-solar-plus-storage-project\\\/#primaryimage\",\"url\":\"https:\\\/\\\/mcecleanenergy.org\\\/wp-content\\\/uploads\\\/2024\\\/05\\\/rancho-sereno-press-release-min.png\",\"contentUrl\":\"https:\\\/\\\/mcecleanenergy.org\\\/wp-content\\\/uploads\\\/2024\\\/05\\\/rancho-sereno-press-release-min.png\",\"width\":1100,\"height\":440},{\"@type\":\"BreadcrumbList\",\"@id\":\"https:\\\/\\\/mcecleanenergy.org\\\/mce-signs-contract-for-first-local-solar-plus-storage-project\\\/#breadcrumb\",\"itemListElement\":[{\"@type\":\"ListItem\",\"position\":1,\"name\":\"Home\",\"item\":\"https:\\\/\\\/mcecleanenergy.org\\\/\"},{\"@type\":\"ListItem\",\"position\":2,\"name\":\"MCE Signs Contract for First Local Solar Plus Storage Project\"}]},{\"@type\":\"WebSite\",\"@id\":\"https:\\\/\\\/mcecleanenergy.org\\\/#website\",\"url\":\"https:\\\/\\\/mcecleanenergy.org\\\/\",\"name\":\"MCE \u2013 Community Choice Energy\",\"description\":\"\",\"publisher\":{\"@id\":\"https:\\\/\\\/mcecleanenergy.org\\\/#organization\"},\"potentialAction\":[{\"@type\":\"SearchAction\",\"target\":{\"@type\":\"EntryPoint\",\"urlTemplate\":\"https:\\\/\\\/mcecleanenergy.org\\\/?s={search_term_string}\"},\"query-input\":{\"@type\":\"PropertyValueSpecification\",\"valueRequired\":true,\"valueName\":\"search_term_string\"}}],\"inLanguage\":\"fr-FR\"},{\"@type\":\"Organization\",\"@id\":\"https:\\\/\\\/mcecleanenergy.org\\\/#organization\",\"name\":\"MCE\",\"url\":\"https:\\\/\\\/mcecleanenergy.org\\\/\",\"logo\":{\"@type\":\"ImageObject\",\"inLanguage\":\"fr-FR\",\"@id\":\"https:\\\/\\\/mcecleanenergy.org\\\/#\\\/schema\\\/logo\\\/image\\\/\",\"url\":\"https:\\\/\\\/mcecleanenergy.org\\\/wp-content\\\/uploads\\\/2024\\\/05\\\/MCE_Logo_Full-Color_RGB_050324.png\",\"contentUrl\":\"https:\\\/\\\/mcecleanenergy.org\\\/wp-content\\\/uploads\\\/2024\\\/05\\\/MCE_Logo_Full-Color_RGB_050324.png\",\"width\":5001,\"height\":2986,\"caption\":\"MCE\"},\"image\":{\"@id\":\"https:\\\/\\\/mcecleanenergy.org\\\/#\\\/schema\\\/logo\\\/image\\\/\"},\"sameAs\":[\"https:\\\/\\\/www.facebook.com\\\/mceCleanEnergy\\\/\",\"https:\\\/\\\/x.com\\\/MCECleanEnergy\",\"https:\\\/\\\/www.instagram.com\\\/mcecleanenergy\\\/\",\"https:\\\/\\\/www.linkedin.com\\\/company\\\/mcecleanenergy\\\/\",\"https:\\\/\\\/www.youtube.com\\\/c\\\/Mcecleanenergy\\\/\",\"https:\\\/\\\/en.wikipedia.org\\\/wiki\\\/Community_Choice_Aggregation#Marin_Clean_Energy\"]},{\"@type\":\"Person\",\"@id\":\"https:\\\/\\\/mcecleanenergy.org\\\/#\\\/schema\\\/person\\\/8ce2f62799413aaa2b6868dc9b471748\",\"name\":\"Rohan\",\"image\":{\"@type\":\"ImageObject\",\"inLanguage\":\"fr-FR\",\"@id\":\"https:\\\/\\\/secure.gravatar.com\\\/avatar\\\/08c0249ed3a34e3695a3cb94fc48aa840d636d2ba6af19ac1dd65e5303c3c992?s=96&d=mm&r=g\",\"url\":\"https:\\\/\\\/secure.gravatar.com\\\/avatar\\\/08c0249ed3a34e3695a3cb94fc48aa840d636d2ba6af19ac1dd65e5303c3c992?s=96&d=mm&r=g\",\"contentUrl\":\"https:\\\/\\\/secure.gravatar.com\\\/avatar\\\/08c0249ed3a34e3695a3cb94fc48aa840d636d2ba6af19ac1dd65e5303c3c992?s=96&d=mm&r=g\",\"caption\":\"Rohan\"},\"url\":\"https:\\\/\\\/mcecleanenergy.org\\\/fr\\\/author\\\/rohan\\\/\"}]}<\/script>\n<!-- \/ Yoast SEO Premium plugin. -->","yoast_head_json":{"title":"MCE Signs Contract for First Local Solar Plus Storage Project - Press Release","robots":{"index":"index","follow":"follow","max-snippet":"max-snippet:-1","max-image-preview":"max-image-preview:large","max-video-preview":"max-video-preview:-1"},"canonical":"https:\/\/mcecleanenergy.org\/fr\/mce-signs-contract-for-first-local-solar-plus-storage-project\/","og_locale":"fr_FR","og_type":"article","og_title":"MCE Signs Contract for First Local Solar Plus Storage Project","og_description":"Ranch Sereno 2 MW Solar Project in Contra Costa County Includes 800 kW BatteryFOR IMMEDIATE RELEASE\u00a0March 28, 2022MCE Press Contact:Jenna Tenney,","og_url":"https:\/\/mcecleanenergy.org\/fr\/mce-signs-contract-for-first-local-solar-plus-storage-project\/","og_site_name":"MCE \u2013 Community Choice Energy","article_publisher":"https:\/\/www.facebook.com\/mceCleanEnergy\/","article_published_time":"2022-03-28T16:59:21+00:00","article_modified_time":"2024-06-13T19:05:15+00:00","og_image":[{"width":1100,"height":440,"url":"https:\/\/mcecleanenergy.org\/wp-content\/uploads\/2024\/05\/rancho-sereno-press-release-min.png","type":"image\/png"}],"author":"Rohan","twitter_card":"summary_large_image","twitter_creator":"@MCECleanEnergy","twitter_site":"@MCECleanEnergy","twitter_misc":{"\u00c9crit par":"Rohan","Dur\u00e9e de lecture estim\u00e9e":"2 minutes"},"schema":{"@context":"https:\/\/schema.org","@graph":[{"@type":"Article","@id":"https:\/\/mcecleanenergy.org\/mce-signs-contract-for-first-local-solar-plus-storage-project\/#article","isPartOf":{"@id":"https:\/\/mcecleanenergy.org\/mce-signs-contract-for-first-local-solar-plus-storage-project\/"},"author":{"name":"Rohan","@id":"https:\/\/mcecleanenergy.org\/#\/schema\/person\/8ce2f62799413aaa2b6868dc9b471748"},"headline":"MCE Signs Contract for First Local Solar Plus Storage Project","datePublished":"2022-03-28T16:59:21+00:00","dateModified":"2024-06-13T19:05:15+00:00","mainEntityOfPage":{"@id":"https:\/\/mcecleanenergy.org\/mce-signs-contract-for-first-local-solar-plus-storage-project\/"},"wordCount":396,"commentCount":0,"publisher":{"@id":"https:\/\/mcecleanenergy.org\/#organization"},"image":{"@id":"https:\/\/mcecleanenergy.org\/mce-signs-contract-for-first-local-solar-plus-storage-project\/#primaryimage"},"thumbnailUrl":"https:\/\/mcecleanenergy.org\/wp-content\/uploads\/2024\/05\/rancho-sereno-press-release-min.png","keywords":["energy storage"],"articleSection":["Press Releases"],"inLanguage":"fr-FR","potentialAction":[{"@type":"CommentAction","name":"Comment","target":["https:\/\/mcecleanenergy.org\/mce-signs-contract-for-first-local-solar-plus-storage-project\/#respond"]}]},{"@type":"WebPage","@id":"https:\/\/mcecleanenergy.org\/mce-signs-contract-for-first-local-solar-plus-storage-project\/","url":"https:\/\/mcecleanenergy.org\/mce-signs-contract-for-first-local-solar-plus-storage-project\/","name":"MCE Signs Contract for First Local Solar Plus Storage Project - Press Release","isPartOf":{"@id":"https:\/\/mcecleanenergy.org\/#website"},"primaryImageOfPage":{"@id":"https:\/\/mcecleanenergy.org\/mce-signs-contract-for-first-local-solar-plus-storage-project\/#primaryimage"},"image":{"@id":"https:\/\/mcecleanenergy.org\/mce-signs-contract-for-first-local-solar-plus-storage-project\/#primaryimage"},"thumbnailUrl":"https:\/\/mcecleanenergy.org\/wp-content\/uploads\/2024\/05\/rancho-sereno-press-release-min.png","datePublished":"2022-03-28T16:59:21+00:00","dateModified":"2024-06-13T19:05:15+00:00","breadcrumb":{"@id":"https:\/\/mcecleanenergy.org\/mce-signs-contract-for-first-local-solar-plus-storage-project\/#breadcrumb"},"inLanguage":"fr-FR","potentialAction":[{"@type":"ReadAction","target":["https:\/\/mcecleanenergy.org\/mce-signs-contract-for-first-local-solar-plus-storage-project\/"]}]},{"@type":"ImageObject","inLanguage":"fr-FR","@id":"https:\/\/mcecleanenergy.org\/mce-signs-contract-for-first-local-solar-plus-storage-project\/#primaryimage","url":"https:\/\/mcecleanenergy.org\/wp-content\/uploads\/2024\/05\/rancho-sereno-press-release-min.png","contentUrl":"https:\/\/mcecleanenergy.org\/wp-content\/uploads\/2024\/05\/rancho-sereno-press-release-min.png","width":1100,"height":440},{"@type":"BreadcrumbList","@id":"https:\/\/mcecleanenergy.org\/mce-signs-contract-for-first-local-solar-plus-storage-project\/#breadcrumb","itemListElement":[{"@type":"ListItem","position":1,"name":"Home","item":"https:\/\/mcecleanenergy.org\/"},{"@type":"ListItem","position":2,"name":"MCE Signs Contract for First Local Solar Plus Storage Project"}]},{"@type":"WebSite","@id":"https:\/\/mcecleanenergy.org\/#website","url":"https:\/\/mcecleanenergy.org\/","name":"MCE - \u00c9nergie de choix communautaire","description":"","publisher":{"@id":"https:\/\/mcecleanenergy.org\/#organization"},"potentialAction":[{"@type":"SearchAction","target":{"@type":"EntryPoint","urlTemplate":"https:\/\/mcecleanenergy.org\/?s={search_term_string}"},"query-input":{"@type":"PropertyValueSpecification","valueRequired":true,"valueName":"search_term_string"}}],"inLanguage":"fr-FR"},{"@type":"Organization","@id":"https:\/\/mcecleanenergy.org\/#organization","name":"MCE","url":"https:\/\/mcecleanenergy.org\/","logo":{"@type":"ImageObject","inLanguage":"fr-FR","@id":"https:\/\/mcecleanenergy.org\/#\/schema\/logo\/image\/","url":"https:\/\/mcecleanenergy.org\/wp-content\/uploads\/2024\/05\/MCE_Logo_Full-Color_RGB_050324.png","contentUrl":"https:\/\/mcecleanenergy.org\/wp-content\/uploads\/2024\/05\/MCE_Logo_Full-Color_RGB_050324.png","width":5001,"height":2986,"caption":"MCE"},"image":{"@id":"https:\/\/mcecleanenergy.org\/#\/schema\/logo\/image\/"},"sameAs":["https:\/\/www.facebook.com\/mceCleanEnergy\/","https:\/\/x.com\/MCECleanEnergy","https:\/\/www.instagram.com\/mcecleanenergy\/","https:\/\/www.linkedin.com\/company\/mcecleanenergy\/","https:\/\/www.youtube.com\/c\/Mcecleanenergy\/","https:\/\/en.wikipedia.org\/wiki\/Community_Choice_Aggregation#Marin_Clean_Energy"]},{"@type":"Person","@id":"https:\/\/mcecleanenergy.org\/#\/schema\/person\/8ce2f62799413aaa2b6868dc9b471748","name":"Rohan","image":{"@type":"ImageObject","inLanguage":"fr-FR","@id":"https:\/\/secure.gravatar.com\/avatar\/08c0249ed3a34e3695a3cb94fc48aa840d636d2ba6af19ac1dd65e5303c3c992?s=96&d=mm&r=g","url":"https:\/\/secure.gravatar.com\/avatar\/08c0249ed3a34e3695a3cb94fc48aa840d636d2ba6af19ac1dd65e5303c3c992?s=96&d=mm&r=g","contentUrl":"https:\/\/secure.gravatar.com\/avatar\/08c0249ed3a34e3695a3cb94fc48aa840d636d2ba6af19ac1dd65e5303c3c992?s=96&d=mm&r=g","caption":"Rohan"},"url":"https:\/\/mcecleanenergy.org\/fr\/author\/rohan\/"}]}},"_links":{"self":[{"href":"https:\/\/mcecleanenergy.org\/fr\/wp-json\/wp\/v2\/posts\/40300","targetHints":{"allow":["GET"]}}],"collection":[{"href":"https:\/\/mcecleanenergy.org\/fr\/wp-json\/wp\/v2\/posts"}],"about":[{"href":"https:\/\/mcecleanenergy.org\/fr\/wp-json\/wp\/v2\/types\/post"}],"author":[{"embeddable":true,"href":"https:\/\/mcecleanenergy.org\/fr\/wp-json\/wp\/v2\/users\/2"}],"replies":[{"embeddable":true,"href":"https:\/\/mcecleanenergy.org\/fr\/wp-json\/wp\/v2\/comments?post=40300"}],"version-history":[{"count":0,"href":"https:\/\/mcecleanenergy.org\/fr\/wp-json\/wp\/v2\/posts\/40300\/revisions"}],"wp:featuredmedia":[{"embeddable":true,"href":"https:\/\/mcecleanenergy.org\/fr\/wp-json\/wp\/v2\/media\/40301"}],"wp:attachment":[{"href":"https:\/\/mcecleanenergy.org\/fr\/wp-json\/wp\/v2\/media?parent=40300"}],"wp:term":[{"taxonomy":"category","embeddable":true,"href":"https:\/\/mcecleanenergy.org\/fr\/wp-json\/wp\/v2\/categories?post=40300"},{"taxonomy":"post_tag","embeddable":true,"href":"https:\/\/mcecleanenergy.org\/fr\/wp-json\/wp\/v2\/tags?post=40300"}],"curies":[{"name":"wp","href":"https:\/\/api.w.org\/{rel}","templated":true}]}}