{"id":40389,"date":"2022-10-11T10:00:07","date_gmt":"2022-10-11T17:00:07","guid":{"rendered":"https:\/\/mcecleanenergy.org\/ask-an-expert-whats-the-environmental-impact-of-ev-batteries\/"},"modified":"2024-06-12T17:05:31","modified_gmt":"2024-06-13T00:05:31","slug":"ask-an-expert-whats-the-environmental-impact-of-ev-batteries","status":"publish","type":"post","link":"https:\/\/mcecleanenergy.org\/fr\/ask-an-expert-whats-the-environmental-impact-of-ev-batteries\/","title":{"rendered":"Demandez \u00e0 un expert : Quel est l'impact environnemental des batteries de VE ?"},"content":{"rendered":"<div data-elementor-type=\"wp-post\" data-elementor-id=\"40389\" class=\"elementor elementor-40389\" data-elementor-post-type=\"post\">\n\t\t\t\t<div data-particle_enable=\"false\" data-particle-mobile-disabled=\"false\" class=\"elementor-element elementor-element-6f045cf6 e-flex e-con-boxed e-con e-parent\" data-id=\"6f045cf6\" data-element_type=\"container\" data-e-type=\"container\" data-settings=\"{&quot;jet_parallax_layout_list&quot;:[]}\">\n\t\t\t\t\t<div class=\"e-con-inner\">\n\t\t\t\t<div class=\"elementor-element elementor-element-30aa15f4 elementor-widget elementor-widget-text-editor\" data-id=\"30aa15f4\" data-element_type=\"widget\" data-e-type=\"widget\" data-widget_type=\"text-editor.default\">\n\t\t\t\t<div class=\"elementor-widget-container\">\n\t\t\t\t\t\t\t\t\t<h5><strong>Dans notre s\u00e9rie \"Demandez \u00e0 un expert\", les sp\u00e9cialistes du MCE r\u00e9pondent aux questions et partagent leurs id\u00e9es sur un sujet ou un programme sp\u00e9cifique. Vous avez une question br\u00fblante sur l'\u00e9nergie ou le travail du MCE ? Faites-le nous savoir \u00e0 l'adresse suivante <\/strong><a href=\"mailto:communications@mceCleanEnergy.org\"><strong>communications@mceCleanEnergy.org<\/strong><\/a><strong>.<\/strong><\/h5>\t\t\t\t\t\t\t\t<\/div>\n\t\t\t\t<\/div>\n\t\t<div data-particle_enable=\"false\" data-particle-mobile-disabled=\"false\" class=\"elementor-element elementor-element-0640943 e-flex e-con-boxed e-con e-child\" data-id=\"0640943\" data-element_type=\"container\" data-e-type=\"container\" data-settings=\"{&quot;jet_parallax_layout_list&quot;:[]}\">\n\t\t\t\t\t<div class=\"e-con-inner\">\n\t\t<div data-particle_enable=\"false\" data-particle-mobile-disabled=\"false\" class=\"elementor-element elementor-element-4a7c092 e-con-full e-flex e-con e-child\" data-id=\"4a7c092\" data-element_type=\"container\" data-e-type=\"container\" data-settings=\"{&quot;jet_parallax_layout_list&quot;:[]}\">\n\t\t<div data-particle_enable=\"false\" data-particle-mobile-disabled=\"false\" class=\"elementor-element elementor-element-40c30a1 e-con-full e-flex e-con e-child\" data-id=\"40c30a1\" data-element_type=\"container\" data-e-type=\"container\" data-settings=\"{&quot;jet_parallax_layout_list&quot;:[]}\">\n\t\t\t\t<div class=\"elementor-element elementor-element-a776dcd elementor-widget elementor-widget-text-editor\" data-id=\"a776dcd\" data-element_type=\"widget\" data-e-type=\"widget\" data-widget_type=\"text-editor.default\">\n\t\t\t\t<div class=\"elementor-widget-container\">\n\t\t\t\t\t\t\t\t\t<p><strong>Quelle est la dur\u00e9e de vie des batteries des VE ?<\/strong><\/p><p>C'est facile ! Le gouvernement de l'\u00c9tat de Californie exige que les batteries des VE durent au moins 150 000 miles, bien que les experts estiment qu'elles dureront plus de\u00a0<a href=\"https:\/\/www.evconnect.com\/blog\/how-long-does-an-electric-car-battery-last\" target=\"_blank\" rel=\"noopener\">200 000 miles<\/a>.<\/p><p><strong>Quels min\u00e9raux sont utilis\u00e9s dans les batteries des v\u00e9hicules \u00e9lectriques ?<\/strong><\/p><p>Les batteries des VE sont principalement au lithium-ion et comprennent du nickel, du lithium, du cobalt, du graphite, du cuivre et du mangan\u00e8se. Les batteries des VE n\u00e9cessitent \u00e9galement des m\u00e9taux de terres rares tels que le n\u00e9odyme, qui est utilis\u00e9 pour cr\u00e9er des aimants permanents et des piles \u00e0 combustible.\u00a0<a href=\"https:\/\/www.nytimes.com\/2022\/08\/30\/business\/economy\/electric-cars-us-nickel-mine.html?unlocked_article_code=Ww391ycTFLEZsxvryvalw0eG8pb5rXhABcDqeYOZqCA6Gz4rhgyXKy2thICK2QkQxkZp2pHw_5LvTMT6zeB5HpNDsFL1E7eCWK7z6iFU1cOUhZ2--I4mn5C0Uro03q_Is8RvrfqzMNpPVpU_Bc9Nhc4EVB-H-_Ssg5LyPGccSgMXzbmj-4hHzXetMVw8v9Niwx101XuGBj26ws24YNEfUzwW5TCHYvz3YUTgdIt9BT7DlNAhimt-I5tWci1oeNSAz5aTsX6Cebo8PiJ5z8FZlZuAoWR5e0tGCXQLLI2bjuL8NyLoY3axdxWeq6wpECRvE7gFXliSQweK82gbSRVT7TYrkQaoaqozYPev6QgJaw&amp;smid=em-share\" target=\"_blank\" rel=\"noopener\">permettre l'utilisation de batteries de plus grande autonomie<\/a>.<\/p><p><strong>Quels sont les impacts environnementaux d'un VE et de sa batterie par rapport \u00e0 un v\u00e9hicule \u00e0 moteur \u00e0 combustion interne (MCI) ?<\/strong><\/p><p>Contrairement aux v\u00e9hicules \u00e0 moteur \u00e0 combustion interne, les VE ne produisent pas d'\u00e9missions d'\u00e9chappement et ne contribuent donc pas \u00e0 la pollution de l'air ou aux \u00e9missions locales de gaz \u00e0 effet de serre (GES). Cependant, la fabrication d'un VE produit plus de GES que celle d'un v\u00e9hicule \u00e0 moteur \u00e0 combustion interne en raison des min\u00e9raux n\u00e9cessaires \u00e0 la fabrication de la batterie. D'apr\u00e8s le rapport de la Commission europ\u00e9enne sur les \u00e9missions de gaz \u00e0 effet de serre\u00a0<em>Reuters<\/em>Les Am\u00e9ricains doivent conduire en moyenne\u00a0<a href=\"https:\/\/www.reuters.com\/business\/autos-transportation\/when-do-electric-vehicles-become-cleaner-than-gasoline-cars-2021-06-29\/\" target=\"_blank\" rel=\"noopener\">13.500 miles<\/a>\u00a0dans leur nouveau VE pour qu'il soit plus respectueux de l'environnement qu'un v\u00e9hicule \u00e0 moteur \u00e0 combustion interne. Ce chiffre varie en fonction de la taille et de l'efficacit\u00e9 de la batterie du VE, de la consommation de carburant de la voiture \u00e0 moteur \u00e0 combustion interne utilis\u00e9e pour la comparaison (<em>Reuters<\/em>\u00a0a utilis\u00e9 une Toyota Corolla), et la source d'\u00e9lectricit\u00e9 pour la batterie du VE.<\/p>\t\t\t\t\t\t\t\t<\/div>\n\t\t\t\t<\/div>\n\t\t\t\t<\/div>\n\t\t<div data-particle_enable=\"false\" data-particle-mobile-disabled=\"false\" class=\"elementor-element elementor-element-6c050bf e-con-full e-flex e-con e-child\" data-id=\"6c050bf\" data-element_type=\"container\" data-e-type=\"container\" data-settings=\"{&quot;jet_parallax_layout_list&quot;:[]}\">\n\t\t\t\t<div class=\"elementor-element elementor-element-dafdae2 elementor-widget elementor-widget-image\" data-id=\"dafdae2\" data-element_type=\"widget\" data-e-type=\"widget\" data-widget_type=\"image.default\">\n\t\t\t\t<div class=\"elementor-widget-container\">\n\t\t\t\t\t\t\t\t\t\t\t\t\t\t\t<img fetchpriority=\"high\" decoding=\"async\" width=\"603\" height=\"627\" src=\"https:\/\/mcecleanenergy.org\/wp-content\/uploads\/2022\/10\/ev-battery-minerals.png\" class=\"attachment-full size-full wp-image-7091\" alt=\"\" srcset=\"https:\/\/mcecleanenergy.org\/wp-content\/uploads\/2022\/10\/ev-battery-minerals.png 603w, https:\/\/mcecleanenergy.org\/wp-content\/uploads\/2022\/10\/ev-battery-minerals-289x300.png 289w\" sizes=\"(max-width: 603px) 100vw, 603px\" \/>\t\t\t\t\t\t\t\t\t\t\t\t\t\t\t<\/div>\n\t\t\t\t<\/div>\n\t\t<div data-particle_enable=\"false\" data-particle-mobile-disabled=\"false\" class=\"elementor-element elementor-element-1118fb4 e-flex e-con-boxed e-con e-child\" data-id=\"1118fb4\" data-element_type=\"container\" data-e-type=\"container\" data-settings=\"{&quot;jet_parallax_layout_list&quot;:[]}\">\n\t\t\t\t\t<div class=\"e-con-inner\">\n\t\t\t\t<div class=\"elementor-element elementor-element-c831d00 elementor-widget elementor-widget-text-editor\" data-id=\"c831d00\" data-element_type=\"widget\" data-e-type=\"widget\" data-widget_type=\"text-editor.default\">\n\t\t\t\t<div class=\"elementor-widget-container\">\n\t\t\t\t\t\t\t\t\t<h5 style=\"font-family: Avenir, sans-serif; font-weight: var( --e-global-typography-b98afc2-font-weight ); line-height: var( --e-global-typography-b98afc2-line-height ); text-transform: none; letter-spacing: var( --e-global-typography-b98afc2-letter-spacing ); word-spacing: var( --e-global-typography-b98afc2-word-spacing ); text-align: center;\">(Source :\u00a0<span style=\"text-decoration-line: underline;\"><a style=\"text-decoration: var( --e-global-typography-7b46ec8-text-decoration ); font-family: var( --e-global-typography-7b46ec8-font-family ), Sans-serif; font-size: var( --e-global-typography-7b46ec8-font-size ); font-weight: var( --e-global-typography-7b46ec8-font-weight ); line-height: var( --e-global-typography-7b46ec8-line-height ); letter-spacing: var( --e-global-typography-7b46ec8-letter-spacing ); word-spacing: var( --e-global-typography-7b46ec8-word-spacing );\" href=\"https:\/\/elements.visualcapitalist.com\/\" target=\"_blank\" rel=\"noopener\">\u00c9l\u00e9ments<\/a><\/span>)<\/h5>\t\t\t\t\t\t\t\t<\/div>\n\t\t\t\t<\/div>\n\t\t\t\t\t<\/div>\n\t\t\t\t<\/div>\n\t\t\t\t<\/div>\n\t\t\t\t<\/div>\n\t\t\t\t\t<\/div>\n\t\t\t\t<\/div>\n\t\t\t\t\t<\/div>\n\t\t\t\t<\/div>\n\t\t<div data-particle_enable=\"false\" data-particle-mobile-disabled=\"false\" class=\"elementor-element elementor-element-2b2c10d e-flex e-con-boxed e-con e-parent\" data-id=\"2b2c10d\" data-element_type=\"container\" data-e-type=\"container\" data-settings=\"{&quot;jet_parallax_layout_list&quot;:[]}\">\n\t\t\t\t\t<div class=\"e-con-inner\">\n\t\t\t\t<div class=\"elementor-element elementor-element-7ae33af elementor-widget elementor-widget-text-editor\" data-id=\"7ae33af\" data-element_type=\"widget\" data-e-type=\"widget\" data-widget_type=\"text-editor.default\">\n\t\t\t\t<div class=\"elementor-widget-container\">\n\t\t\t\t\t\t\t\t\t<h5><span style=\"text-align: var(--text-align); font-family: var( --e-global-typography-primary-font-family ), Sans-serif; font-size: var( --e-global-typography-primary-font-size ); font-weight: var( --e-global-typography-primary-font-weight ); letter-spacing: var( --e-global-typography-primary-letter-spacing ); color: var( --e-global-color-7349a84 );\">L'\u00e9lectricit\u00e9 utilis\u00e9e pour alimenter votre VE est particuli\u00e8rement importante. Plus la source d'\u00e9nergie est propre, moins vous devez parcourir de kilom\u00e8tres pour que votre VE soit plus respectueux de l'environnement. Un mythe r\u00e9pandu veut que les VE ne soient pas plus propres s'ils sont aliment\u00e9s par une \u00e9nergie \"sale\" (c'est-\u00e0-dire non renouvelable). Toutefois, des \u00e9tudes portant sur les sources de carburant aux \u00c9tats-Unis montrent que les camionnettes \u00e9lectriques <\/span><a style=\"text-align: var(--text-align); font-family: var( --e-global-typography-primary-font-family ), Sans-serif; font-size: var( --e-global-typography-primary-font-size ); background-color: #ffffff;\" href=\"https:\/\/www.greencarreports.com\/news\/1136814_electric-pickups-less-co2-than-average-gasoline-truck\" target=\"_blank\" rel=\"noopener\">\u00e9mettent moins de CO<\/a><a style=\"text-align: var(--text-align); font-family: var( --e-global-typography-primary-font-family ), Sans-serif; font-size: var( --e-global-typography-primary-font-size ); background-color: #ffffff;\" href=\"https:\/\/www.greencarreports.com\/news\/1136814_electric-pickups-less-co2-than-average-gasoline-truck\"><sub>2<\/sub><\/a><span style=\"text-align: var(--text-align); font-family: var( --e-global-typography-primary-font-family ), Sans-serif; font-size: var( --e-global-typography-primary-font-size ); font-weight: var( --e-global-typography-primary-font-weight ); letter-spacing: var( --e-global-typography-primary-letter-spacing ); color: var( --e-global-color-7349a84 );\"> que la moyenne des camions \u00e0 essence.<\/span><\/h5><p>Le service standard Light Green de MCE est de 60% renouvelables, ce qui correspond environ \u00e0 <a href=\"https:\/\/www.c2es.org\/content\/renewable-energy\/\" target=\"_blank\" rel=\"noopener\">Nettoyeur 40%<\/a> que la moyenne nationale. Les conducteurs de VE qui se rechargent avec l'\u00e9nergie renouvelable Deep Green 100% de MCE r\u00e9duisent consid\u00e9rablement les kilom\u00e8tres qu'ils doivent parcourir pour \u00eatre plus respectueux de l'environnement.<\/p><p><strong>Les batteries des VE sont-elles recyclables ?<\/strong><\/p><p>La r\u00e9ponse courte est... oui ! De nouvelles entreprises aux \u00c9tats-Unis, telles que Redwood Materials (la principale entreprise de recyclage de batteries de Tesla), Li-Cycle et Ascend Elements, d\u00e9veloppent des m\u00e9thodes de recyclage des batteries de v\u00e9hicules \u00e9lectriques. Dans certains cas <a href=\"https:\/\/blog.ucsusa.org\/jessica-dunn\/are-ev-batteries-recyclable\/#:~:text=Many%20US%2Dbased%20lithium%2Dion,of%2095%25%E2%80%9398%25.\" target=\"_blank\" rel=\"noopener\">jusqu'\u00e0 95%<\/a> des mat\u00e9riaux contenus dans une batterie de VE peuvent \u00eatre recycl\u00e9s. Bien que cette technologie soit encore en d\u00e9veloppement, les m\u00e9thodes de recyclage s'am\u00e9liorent \u00e0 mesure que les VE deviennent de plus en plus populaires.<\/p><p>Owen a rejoint MCE en 2021 en tant que boursier de l'\u00e9lectrification des transports (TE) par l'interm\u00e9diaire de Climate Corps. Aujourd'hui, en tant que coordinateur TE, Owen est charg\u00e9 de g\u00e9rer l'admission et la participation des clients au programme de recharge des VE, d'\u00eatre un expert en VE pour les clients int\u00e9ress\u00e9s par les VE et de participer \u00e0 notre programme de remise sur les VE en fonction des revenus, et de diriger un programme pilote E-Fleet en coordination avec un consultant.<\/p>\t\t\t\t\t\t\t\t<\/div>\n\t\t\t\t<\/div>\n\t\t\t\t\t<\/div>\n\t\t\t\t<\/div>\n\t\t\t\t<\/div>","protected":false},"excerpt":{"rendered":"<p>In our \u201cAsk an Expert\u201d series, MCE specialists take a deep dive answering questions and sharing insights about a specific topic or program. Do you have a burning question about [&hellip;]<\/p>\n","protected":false},"author":2,"featured_media":40390,"comment_status":"open","ping_status":"open","sticky":false,"template":"elementor_theme","format":"standard","meta":{"_acf_changed":false,"_searchwp_excluded":"","footnotes":""},"categories":[824,825],"tags":[502],"class_list":["post-40389","post","type-post","status-publish","format-standard","has-post-thumbnail","hentry","category-clean-energy","category-clean-transportation","tag-electric-vehicles"],"acf":[],"yoast_head":"<!-- This site is optimized with the Yoast SEO Premium plugin v27.4 (Yoast SEO v27.4) - https:\/\/yoast.com\/product\/yoast-seo-premium-wordpress\/ -->\n<title>Ask an Expert: What\u2019s the Environmental Impact of EV Batteries? - MCE Blog<\/title>\n<meta name=\"robots\" content=\"index, follow, max-snippet:-1, max-image-preview:large, max-video-preview:-1\" \/>\n<link rel=\"canonical\" href=\"https:\/\/mcecleanenergy.org\/fr\/ask-an-expert-whats-the-environmental-impact-of-ev-batteries\/\" \/>\n<meta property=\"og:locale\" content=\"fr_FR\" \/>\n<meta property=\"og:type\" content=\"article\" \/>\n<meta property=\"og:title\" content=\"Ask an Expert: What\u2019s the Environmental Impact of EV Batteries?\" \/>\n<meta property=\"og:description\" content=\"In our \u201cAsk an Expert\u201d series, MCE specialists take a deep dive answering questions and sharing insights about a specific topic or program. Do you have a\" \/>\n<meta property=\"og:url\" content=\"https:\/\/mcecleanenergy.org\/fr\/ask-an-expert-whats-the-environmental-impact-of-ev-batteries\/\" \/>\n<meta property=\"og:site_name\" content=\"MCE \u2013 Community Choice Energy\" \/>\n<meta property=\"article:publisher\" content=\"https:\/\/www.facebook.com\/mceCleanEnergy\/\" \/>\n<meta property=\"article:published_time\" content=\"2022-10-11T17:00:07+00:00\" \/>\n<meta property=\"article:modified_time\" content=\"2024-06-13T00:05:31+00:00\" \/>\n<meta property=\"og:image\" content=\"https:\/\/mcecleanenergy.org\/wp-content\/uploads\/2024\/05\/ask-an-expert-ev-environmental-impacts-min.png\" \/>\n\t<meta property=\"og:image:width\" content=\"1100\" \/>\n\t<meta property=\"og:image:height\" content=\"440\" \/>\n\t<meta property=\"og:image:type\" content=\"image\/png\" \/>\n<meta name=\"author\" content=\"Rohan\" \/>\n<meta name=\"twitter:card\" content=\"summary_large_image\" \/>\n<meta name=\"twitter:creator\" content=\"@MCECleanEnergy\" \/>\n<meta name=\"twitter:site\" content=\"@MCECleanEnergy\" \/>\n<meta name=\"twitter:label1\" content=\"\u00c9crit par\" \/>\n\t<meta name=\"twitter:data1\" content=\"Rohan\" \/>\n\t<meta name=\"twitter:label2\" content=\"Dur\u00e9e de lecture estim\u00e9e\" \/>\n\t<meta name=\"twitter:data2\" content=\"3 minutes\" \/>\n<script type=\"application\/ld+json\" class=\"yoast-schema-graph\">{\"@context\":\"https:\\\/\\\/schema.org\",\"@graph\":[{\"@type\":\"Article\",\"@id\":\"https:\\\/\\\/mcecleanenergy.org\\\/ask-an-expert-whats-the-environmental-impact-of-ev-batteries\\\/#article\",\"isPartOf\":{\"@id\":\"https:\\\/\\\/mcecleanenergy.org\\\/ask-an-expert-whats-the-environmental-impact-of-ev-batteries\\\/\"},\"author\":{\"name\":\"Rohan\",\"@id\":\"https:\\\/\\\/mcecleanenergy.org\\\/#\\\/schema\\\/person\\\/8ce2f62799413aaa2b6868dc9b471748\"},\"headline\":\"Ask an Expert: What\u2019s the Environmental Impact of EV Batteries?\",\"datePublished\":\"2022-10-11T17:00:07+00:00\",\"dateModified\":\"2024-06-13T00:05:31+00:00\",\"mainEntityOfPage\":{\"@id\":\"https:\\\/\\\/mcecleanenergy.org\\\/ask-an-expert-whats-the-environmental-impact-of-ev-batteries\\\/\"},\"wordCount\":506,\"commentCount\":0,\"publisher\":{\"@id\":\"https:\\\/\\\/mcecleanenergy.org\\\/#organization\"},\"image\":{\"@id\":\"https:\\\/\\\/mcecleanenergy.org\\\/ask-an-expert-whats-the-environmental-impact-of-ev-batteries\\\/#primaryimage\"},\"thumbnailUrl\":\"https:\\\/\\\/mcecleanenergy.org\\\/wp-content\\\/uploads\\\/2024\\\/05\\\/ask-an-expert-ev-environmental-impacts-min.png\",\"keywords\":[\"Electric Vehicles\"],\"articleSection\":[\"Clean Energy\",\"Clean Transportation\"],\"inLanguage\":\"fr-FR\",\"potentialAction\":[{\"@type\":\"CommentAction\",\"name\":\"Comment\",\"target\":[\"https:\\\/\\\/mcecleanenergy.org\\\/ask-an-expert-whats-the-environmental-impact-of-ev-batteries\\\/#respond\"]}]},{\"@type\":\"WebPage\",\"@id\":\"https:\\\/\\\/mcecleanenergy.org\\\/ask-an-expert-whats-the-environmental-impact-of-ev-batteries\\\/\",\"url\":\"https:\\\/\\\/mcecleanenergy.org\\\/ask-an-expert-whats-the-environmental-impact-of-ev-batteries\\\/\",\"name\":\"Ask an Expert: What\u2019s the Environmental Impact of EV Batteries? - MCE Blog\",\"isPartOf\":{\"@id\":\"https:\\\/\\\/mcecleanenergy.org\\\/#website\"},\"primaryImageOfPage\":{\"@id\":\"https:\\\/\\\/mcecleanenergy.org\\\/ask-an-expert-whats-the-environmental-impact-of-ev-batteries\\\/#primaryimage\"},\"image\":{\"@id\":\"https:\\\/\\\/mcecleanenergy.org\\\/ask-an-expert-whats-the-environmental-impact-of-ev-batteries\\\/#primaryimage\"},\"thumbnailUrl\":\"https:\\\/\\\/mcecleanenergy.org\\\/wp-content\\\/uploads\\\/2024\\\/05\\\/ask-an-expert-ev-environmental-impacts-min.png\",\"datePublished\":\"2022-10-11T17:00:07+00:00\",\"dateModified\":\"2024-06-13T00:05:31+00:00\",\"breadcrumb\":{\"@id\":\"https:\\\/\\\/mcecleanenergy.org\\\/ask-an-expert-whats-the-environmental-impact-of-ev-batteries\\\/#breadcrumb\"},\"inLanguage\":\"fr-FR\",\"potentialAction\":[{\"@type\":\"ReadAction\",\"target\":[\"https:\\\/\\\/mcecleanenergy.org\\\/ask-an-expert-whats-the-environmental-impact-of-ev-batteries\\\/\"]}]},{\"@type\":\"ImageObject\",\"inLanguage\":\"fr-FR\",\"@id\":\"https:\\\/\\\/mcecleanenergy.org\\\/ask-an-expert-whats-the-environmental-impact-of-ev-batteries\\\/#primaryimage\",\"url\":\"https:\\\/\\\/mcecleanenergy.org\\\/wp-content\\\/uploads\\\/2024\\\/05\\\/ask-an-expert-ev-environmental-impacts-min.png\",\"contentUrl\":\"https:\\\/\\\/mcecleanenergy.org\\\/wp-content\\\/uploads\\\/2024\\\/05\\\/ask-an-expert-ev-environmental-impacts-min.png\",\"width\":1100,\"height\":440},{\"@type\":\"BreadcrumbList\",\"@id\":\"https:\\\/\\\/mcecleanenergy.org\\\/ask-an-expert-whats-the-environmental-impact-of-ev-batteries\\\/#breadcrumb\",\"itemListElement\":[{\"@type\":\"ListItem\",\"position\":1,\"name\":\"Home\",\"item\":\"https:\\\/\\\/mcecleanenergy.org\\\/\"},{\"@type\":\"ListItem\",\"position\":2,\"name\":\"Ask an Expert: What\u2019s the Environmental Impact of EV Batteries?\"}]},{\"@type\":\"WebSite\",\"@id\":\"https:\\\/\\\/mcecleanenergy.org\\\/#website\",\"url\":\"https:\\\/\\\/mcecleanenergy.org\\\/\",\"name\":\"MCE \u2013 Community Choice Energy\",\"description\":\"\",\"publisher\":{\"@id\":\"https:\\\/\\\/mcecleanenergy.org\\\/#organization\"},\"potentialAction\":[{\"@type\":\"SearchAction\",\"target\":{\"@type\":\"EntryPoint\",\"urlTemplate\":\"https:\\\/\\\/mcecleanenergy.org\\\/?s={search_term_string}\"},\"query-input\":{\"@type\":\"PropertyValueSpecification\",\"valueRequired\":true,\"valueName\":\"search_term_string\"}}],\"inLanguage\":\"fr-FR\"},{\"@type\":\"Organization\",\"@id\":\"https:\\\/\\\/mcecleanenergy.org\\\/#organization\",\"name\":\"MCE\",\"url\":\"https:\\\/\\\/mcecleanenergy.org\\\/\",\"logo\":{\"@type\":\"ImageObject\",\"inLanguage\":\"fr-FR\",\"@id\":\"https:\\\/\\\/mcecleanenergy.org\\\/#\\\/schema\\\/logo\\\/image\\\/\",\"url\":\"https:\\\/\\\/mcecleanenergy.org\\\/wp-content\\\/uploads\\\/2024\\\/05\\\/MCE_Logo_Full-Color_RGB_050324.png\",\"contentUrl\":\"https:\\\/\\\/mcecleanenergy.org\\\/wp-content\\\/uploads\\\/2024\\\/05\\\/MCE_Logo_Full-Color_RGB_050324.png\",\"width\":5001,\"height\":2986,\"caption\":\"MCE\"},\"image\":{\"@id\":\"https:\\\/\\\/mcecleanenergy.org\\\/#\\\/schema\\\/logo\\\/image\\\/\"},\"sameAs\":[\"https:\\\/\\\/www.facebook.com\\\/mceCleanEnergy\\\/\",\"https:\\\/\\\/x.com\\\/MCECleanEnergy\",\"https:\\\/\\\/www.instagram.com\\\/mcecleanenergy\\\/\",\"https:\\\/\\\/www.linkedin.com\\\/company\\\/mcecleanenergy\\\/\",\"https:\\\/\\\/www.youtube.com\\\/c\\\/Mcecleanenergy\\\/\",\"https:\\\/\\\/en.wikipedia.org\\\/wiki\\\/Community_Choice_Aggregation#Marin_Clean_Energy\"]},{\"@type\":\"Person\",\"@id\":\"https:\\\/\\\/mcecleanenergy.org\\\/#\\\/schema\\\/person\\\/8ce2f62799413aaa2b6868dc9b471748\",\"name\":\"Rohan\",\"image\":{\"@type\":\"ImageObject\",\"inLanguage\":\"fr-FR\",\"@id\":\"https:\\\/\\\/secure.gravatar.com\\\/avatar\\\/08c0249ed3a34e3695a3cb94fc48aa840d636d2ba6af19ac1dd65e5303c3c992?s=96&d=mm&r=g\",\"url\":\"https:\\\/\\\/secure.gravatar.com\\\/avatar\\\/08c0249ed3a34e3695a3cb94fc48aa840d636d2ba6af19ac1dd65e5303c3c992?s=96&d=mm&r=g\",\"contentUrl\":\"https:\\\/\\\/secure.gravatar.com\\\/avatar\\\/08c0249ed3a34e3695a3cb94fc48aa840d636d2ba6af19ac1dd65e5303c3c992?s=96&d=mm&r=g\",\"caption\":\"Rohan\"},\"url\":\"https:\\\/\\\/mcecleanenergy.org\\\/fr\\\/author\\\/rohan\\\/\"}]}<\/script>\n<!-- \/ Yoast SEO Premium plugin. -->","yoast_head_json":{"title":"Demandez \u00e0 un expert : quel est l'impact environnemental des batteries de VE ? - Blog MCE","robots":{"index":"index","follow":"follow","max-snippet":"max-snippet:-1","max-image-preview":"max-image-preview:large","max-video-preview":"max-video-preview:-1"},"canonical":"https:\/\/mcecleanenergy.org\/fr\/ask-an-expert-whats-the-environmental-impact-of-ev-batteries\/","og_locale":"fr_FR","og_type":"article","og_title":"Ask an Expert: What\u2019s the Environmental Impact of EV Batteries?","og_description":"In our \u201cAsk an Expert\u201d series, MCE specialists take a deep dive answering questions and sharing insights about a specific topic or program. Do you have a","og_url":"https:\/\/mcecleanenergy.org\/fr\/ask-an-expert-whats-the-environmental-impact-of-ev-batteries\/","og_site_name":"MCE \u2013 Community Choice Energy","article_publisher":"https:\/\/www.facebook.com\/mceCleanEnergy\/","article_published_time":"2022-10-11T17:00:07+00:00","article_modified_time":"2024-06-13T00:05:31+00:00","og_image":[{"width":1100,"height":440,"url":"https:\/\/mcecleanenergy.org\/wp-content\/uploads\/2024\/05\/ask-an-expert-ev-environmental-impacts-min.png","type":"image\/png"}],"author":"Rohan","twitter_card":"summary_large_image","twitter_creator":"@MCECleanEnergy","twitter_site":"@MCECleanEnergy","twitter_misc":{"\u00c9crit par":"Rohan","Dur\u00e9e de lecture estim\u00e9e":"3 minutes"},"schema":{"@context":"https:\/\/schema.org","@graph":[{"@type":"Article","@id":"https:\/\/mcecleanenergy.org\/ask-an-expert-whats-the-environmental-impact-of-ev-batteries\/#article","isPartOf":{"@id":"https:\/\/mcecleanenergy.org\/ask-an-expert-whats-the-environmental-impact-of-ev-batteries\/"},"author":{"name":"Rohan","@id":"https:\/\/mcecleanenergy.org\/#\/schema\/person\/8ce2f62799413aaa2b6868dc9b471748"},"headline":"Ask an Expert: What\u2019s the Environmental Impact of EV Batteries?","datePublished":"2022-10-11T17:00:07+00:00","dateModified":"2024-06-13T00:05:31+00:00","mainEntityOfPage":{"@id":"https:\/\/mcecleanenergy.org\/ask-an-expert-whats-the-environmental-impact-of-ev-batteries\/"},"wordCount":506,"commentCount":0,"publisher":{"@id":"https:\/\/mcecleanenergy.org\/#organization"},"image":{"@id":"https:\/\/mcecleanenergy.org\/ask-an-expert-whats-the-environmental-impact-of-ev-batteries\/#primaryimage"},"thumbnailUrl":"https:\/\/mcecleanenergy.org\/wp-content\/uploads\/2024\/05\/ask-an-expert-ev-environmental-impacts-min.png","keywords":["Electric Vehicles"],"articleSection":["Clean Energy","Clean Transportation"],"inLanguage":"fr-FR","potentialAction":[{"@type":"CommentAction","name":"Comment","target":["https:\/\/mcecleanenergy.org\/ask-an-expert-whats-the-environmental-impact-of-ev-batteries\/#respond"]}]},{"@type":"WebPage","@id":"https:\/\/mcecleanenergy.org\/ask-an-expert-whats-the-environmental-impact-of-ev-batteries\/","url":"https:\/\/mcecleanenergy.org\/ask-an-expert-whats-the-environmental-impact-of-ev-batteries\/","name":"Demandez \u00e0 un expert : quel est l'impact environnemental des batteries de VE ? - Blog MCE","isPartOf":{"@id":"https:\/\/mcecleanenergy.org\/#website"},"primaryImageOfPage":{"@id":"https:\/\/mcecleanenergy.org\/ask-an-expert-whats-the-environmental-impact-of-ev-batteries\/#primaryimage"},"image":{"@id":"https:\/\/mcecleanenergy.org\/ask-an-expert-whats-the-environmental-impact-of-ev-batteries\/#primaryimage"},"thumbnailUrl":"https:\/\/mcecleanenergy.org\/wp-content\/uploads\/2024\/05\/ask-an-expert-ev-environmental-impacts-min.png","datePublished":"2022-10-11T17:00:07+00:00","dateModified":"2024-06-13T00:05:31+00:00","breadcrumb":{"@id":"https:\/\/mcecleanenergy.org\/ask-an-expert-whats-the-environmental-impact-of-ev-batteries\/#breadcrumb"},"inLanguage":"fr-FR","potentialAction":[{"@type":"ReadAction","target":["https:\/\/mcecleanenergy.org\/ask-an-expert-whats-the-environmental-impact-of-ev-batteries\/"]}]},{"@type":"ImageObject","inLanguage":"fr-FR","@id":"https:\/\/mcecleanenergy.org\/ask-an-expert-whats-the-environmental-impact-of-ev-batteries\/#primaryimage","url":"https:\/\/mcecleanenergy.org\/wp-content\/uploads\/2024\/05\/ask-an-expert-ev-environmental-impacts-min.png","contentUrl":"https:\/\/mcecleanenergy.org\/wp-content\/uploads\/2024\/05\/ask-an-expert-ev-environmental-impacts-min.png","width":1100,"height":440},{"@type":"BreadcrumbList","@id":"https:\/\/mcecleanenergy.org\/ask-an-expert-whats-the-environmental-impact-of-ev-batteries\/#breadcrumb","itemListElement":[{"@type":"ListItem","position":1,"name":"Home","item":"https:\/\/mcecleanenergy.org\/"},{"@type":"ListItem","position":2,"name":"Ask an Expert: What\u2019s the Environmental Impact of EV Batteries?"}]},{"@type":"WebSite","@id":"https:\/\/mcecleanenergy.org\/#website","url":"https:\/\/mcecleanenergy.org\/","name":"MCE - \u00c9nergie de choix communautaire","description":"","publisher":{"@id":"https:\/\/mcecleanenergy.org\/#organization"},"potentialAction":[{"@type":"SearchAction","target":{"@type":"EntryPoint","urlTemplate":"https:\/\/mcecleanenergy.org\/?s={search_term_string}"},"query-input":{"@type":"PropertyValueSpecification","valueRequired":true,"valueName":"search_term_string"}}],"inLanguage":"fr-FR"},{"@type":"Organization","@id":"https:\/\/mcecleanenergy.org\/#organization","name":"MCE","url":"https:\/\/mcecleanenergy.org\/","logo":{"@type":"ImageObject","inLanguage":"fr-FR","@id":"https:\/\/mcecleanenergy.org\/#\/schema\/logo\/image\/","url":"https:\/\/mcecleanenergy.org\/wp-content\/uploads\/2024\/05\/MCE_Logo_Full-Color_RGB_050324.png","contentUrl":"https:\/\/mcecleanenergy.org\/wp-content\/uploads\/2024\/05\/MCE_Logo_Full-Color_RGB_050324.png","width":5001,"height":2986,"caption":"MCE"},"image":{"@id":"https:\/\/mcecleanenergy.org\/#\/schema\/logo\/image\/"},"sameAs":["https:\/\/www.facebook.com\/mceCleanEnergy\/","https:\/\/x.com\/MCECleanEnergy","https:\/\/www.instagram.com\/mcecleanenergy\/","https:\/\/www.linkedin.com\/company\/mcecleanenergy\/","https:\/\/www.youtube.com\/c\/Mcecleanenergy\/","https:\/\/en.wikipedia.org\/wiki\/Community_Choice_Aggregation#Marin_Clean_Energy"]},{"@type":"Person","@id":"https:\/\/mcecleanenergy.org\/#\/schema\/person\/8ce2f62799413aaa2b6868dc9b471748","name":"Rohan","image":{"@type":"ImageObject","inLanguage":"fr-FR","@id":"https:\/\/secure.gravatar.com\/avatar\/08c0249ed3a34e3695a3cb94fc48aa840d636d2ba6af19ac1dd65e5303c3c992?s=96&d=mm&r=g","url":"https:\/\/secure.gravatar.com\/avatar\/08c0249ed3a34e3695a3cb94fc48aa840d636d2ba6af19ac1dd65e5303c3c992?s=96&d=mm&r=g","contentUrl":"https:\/\/secure.gravatar.com\/avatar\/08c0249ed3a34e3695a3cb94fc48aa840d636d2ba6af19ac1dd65e5303c3c992?s=96&d=mm&r=g","caption":"Rohan"},"url":"https:\/\/mcecleanenergy.org\/fr\/author\/rohan\/"}]}},"_links":{"self":[{"href":"https:\/\/mcecleanenergy.org\/fr\/wp-json\/wp\/v2\/posts\/40389","targetHints":{"allow":["GET"]}}],"collection":[{"href":"https:\/\/mcecleanenergy.org\/fr\/wp-json\/wp\/v2\/posts"}],"about":[{"href":"https:\/\/mcecleanenergy.org\/fr\/wp-json\/wp\/v2\/types\/post"}],"author":[{"embeddable":true,"href":"https:\/\/mcecleanenergy.org\/fr\/wp-json\/wp\/v2\/users\/2"}],"replies":[{"embeddable":true,"href":"https:\/\/mcecleanenergy.org\/fr\/wp-json\/wp\/v2\/comments?post=40389"}],"version-history":[{"count":0,"href":"https:\/\/mcecleanenergy.org\/fr\/wp-json\/wp\/v2\/posts\/40389\/revisions"}],"wp:featuredmedia":[{"embeddable":true,"href":"https:\/\/mcecleanenergy.org\/fr\/wp-json\/wp\/v2\/media\/40390"}],"wp:attachment":[{"href":"https:\/\/mcecleanenergy.org\/fr\/wp-json\/wp\/v2\/media?parent=40389"}],"wp:term":[{"taxonomy":"category","embeddable":true,"href":"https:\/\/mcecleanenergy.org\/fr\/wp-json\/wp\/v2\/categories?post=40389"},{"taxonomy":"post_tag","embeddable":true,"href":"https:\/\/mcecleanenergy.org\/fr\/wp-json\/wp\/v2\/tags?post=40389"}],"curies":[{"name":"wp","href":"https:\/\/api.w.org\/{rel}","templated":true}]}}