{"id":40434,"date":"2023-02-23T10:00:21","date_gmt":"2023-02-23T18:00:21","guid":{"rendered":"https:\/\/mcecleanenergy.org\/meet-the-2022-climate-action-leadership-award-recipients\/"},"modified":"2024-06-15T21:23:36","modified_gmt":"2024-06-16T04:23:36","slug":"meet-the-2022-climate-action-leadership-award-recipients","status":"publish","type":"post","link":"https:\/\/mcecleanenergy.org\/fr\/meet-the-2022-climate-action-leadership-award-recipients\/","title":{"rendered":"D\u00e9couvrez les laur\u00e9ats du prix 2022 du leadership en mati\u00e8re d'action pour le climat"},"content":{"rendered":"<div data-elementor-type=\"wp-post\" data-elementor-id=\"40434\" class=\"elementor elementor-40434\" data-elementor-post-type=\"post\">\n\t\t\t\t<div data-particle_enable=\"false\" data-particle-mobile-disabled=\"false\" class=\"elementor-element elementor-element-3fddef1c e-flex e-con-boxed e-con e-parent\" data-id=\"3fddef1c\" data-element_type=\"container\" data-e-type=\"container\" data-settings=\"{&quot;jet_parallax_layout_list&quot;:[]}\">\n\t\t\t\t\t<div class=\"e-con-inner\">\n\t\t\t\t<div class=\"elementor-element elementor-element-6879f77a elementor-widget elementor-widget-text-editor\" data-id=\"6879f77a\" data-element_type=\"widget\" data-e-type=\"widget\" data-widget_type=\"text-editor.default\">\n\t\t\t\t<div class=\"elementor-widget-container\">\n\t\t\t\t\t\t\t\t\t<h5><strong>Les laur\u00e9ats des 2022 Climate Action Leadership Awards sont les s\u00e9nateurs Alex Padilla et Dianne Feinstein, ainsi que les membres du Congr\u00e8s Jared Huffman et John Garamendi.<\/strong><\/h5><p>Les prix annuels du MCE pour le leadership en mati\u00e8re d'action climatique r\u00e9compensent les d\u00e9cideurs politiques et les d\u00e9fenseurs qui ont contribu\u00e9 de mani\u00e8re significative \u00e0 la lutte de la Californie contre le changement climatique gr\u00e2ce \u00e0 des politiques d'\u00e9nergie propre.<\/p><p>Les laur\u00e9ats du Climate Action Leadership Award 2022 sont les s\u00e9nateurs Alex Padilla et Dianne Feinstein, et les membres du Congr\u00e8s Jared Huffman et John Garamendi. Les quatre laur\u00e9ats ont d\u00e9fendu les toutes premi\u00e8res demandes de d\u00e9penses de la MCE, orient\u00e9es vers les communaut\u00e9s, et ont contribu\u00e9 \u00e0 l'obtention de <a href=\"https:\/\/mcecleanenergy.org\/fr\/mce-shares-the-love-this-valentines-day-with-3-25-million-for-local-programs\/\">$3,25 millions d'euros de financement f\u00e9d\u00e9ral<\/a> d'\u00e9largir l'acc\u00e8s aux programmes d'\u00e9nergie propre.<\/p><p><strong>S\u00e9nateur Alex Padilla <\/strong><\/p><p>Le s\u00e9nateur Padilla a \u00e9t\u00e9 nomm\u00e9 en janvier 2021 pour remplacer la vice-pr\u00e9sidente \u00e9lue Kamala Harris. Il est le premier Latino \u00e0 repr\u00e9senter la Californie au S\u00e9nat des \u00c9tats-Unis et a r\u00e9cemment \u00e9t\u00e9 \u00e9lu pour un mandat complet de six ans. Il si\u00e8ge dans plusieurs commissions cl\u00e9s, dont celle de l'environnement et des travaux publics, et s'est impos\u00e9 comme un d\u00e9fenseur des familles de travailleurs, de l'action climatique et d'autres priorit\u00e9s fond\u00e9es sur des valeurs. M. Padilla a r\u00e9cemment collabor\u00e9 avec MCE pour obtenir un financement destin\u00e9 \u00e0 accro\u00eetre l'adoption du stockage de l'\u00e9nergie dans la r\u00e9gion de la baie de San Francisco.<\/p><p>Avant d'\u00eatre nomm\u00e9 au S\u00e9nat am\u00e9ricain, le s\u00e9nateur Padilla a \u00e9t\u00e9 secr\u00e9taire d'\u00c9tat de Californie et a effectu\u00e9 deux mandats au S\u00e9nat de l'\u00c9tat de Californie, o\u00f9 il a pr\u00e9sid\u00e9 la commission de l'\u00e9nergie, des services publics et des communications pendant six ans. Au cours de son premier mandat, le s\u00e9nateur Padilla a jou\u00e9 un r\u00f4le d\u00e9terminant dans la modernisation du r\u00e9seau \u00e9lectrique et dans l'\u00e9laboration des politiques ambitieuses de la Californie en mati\u00e8re d'\u00e9nergies renouvelables et de climat.<\/p><p><strong>S\u00e9natrice Dianne Feinstein <\/strong><\/p><p>La s\u00e9natrice Feinstein est au service de la Californie au S\u00e9nat depuis 1992, o\u00f9 elle a d\u00e9fendu plusieurs politiques climatiques et \u00e9nerg\u00e9tiques propres qui augmentent l'efficacit\u00e9 \u00e9nerg\u00e9tique des v\u00e9hicules, conservent et restaurent les terres naturelles, am\u00e9liorent l'infrastructure de l'eau en Californie et r\u00e9duisent la menace des incendies de for\u00eat.<\/p><p>Au cours des 30 derni\u00e8res ann\u00e9es, la s\u00e9natrice Feinstein a jou\u00e9 un r\u00f4le de premier plan au sein de plusieurs commissions s\u00e9natoriales. Avant d'\u00eatre \u00e9lue au S\u00e9nat, la s\u00e9natrice Feinstein a \u00e9t\u00e9 superviseur du comt\u00e9 de San Francisco pendant neuf ans et maire de San Francisco pendant huit ans. En 2022, la s\u00e9natrice Feinstein a soumis deux demandes de d\u00e9penses communautaires d'un montant de $500 000 au nom des programmes de stockage d'\u00e9nergie et de maisons saines de MCE. La s\u00e9natrice Feinstein a r\u00e9cemment annonc\u00e9 qu'elle ne se repr\u00e9senterait pas \u00e0 l'issue de son mandat en 2024.<\/p><p><strong>Membre du Congr\u00e8s Jared Huffman <\/strong><\/p><p>Le d\u00e9put\u00e9 Huffman repr\u00e9sente le comt\u00e9 de Marin et a \u00e9t\u00e9 \u00e9lu pour la premi\u00e8re fois au Congr\u00e8s des \u00c9tats-Unis en novembre 2012. Il s'est forg\u00e9 une r\u00e9putation de leader en mati\u00e8re d'action climatique et de r\u00e9silience, et de protection des c\u00f4tes, des eaux int\u00e9rieures et de la faune de la Californie. En 2022, il a soumis une demande de d\u00e9penses communautaires de $2 millions au nom de MCE pour \u00e9tendre notre programme de recharge des v\u00e9hicules \u00e9lectriques.<\/p><p>Avant d'\u00eatre \u00e9lu au Congr\u00e8s, M. Huffman repr\u00e9sentait la North Bay \u00e0 l'Assembl\u00e9e de Californie, o\u00f9 il a jou\u00e9 un r\u00f4le de premier plan dans l'\u00e9laboration de r\u00e9formes historiques dans le domaine de l'eau. Il est \u00e9galement l'auteur de plusieurs textes l\u00e9gislatifs importants, dont les premi\u00e8res normes californiennes en mati\u00e8re d'efficacit\u00e9 de l'\u00e9clairage et le plus grand programme national pour le chauffage solaire de l'eau. Auparavant, il a travaill\u00e9 comme avocat principal pour le Natural Resources Defense Council et a \u00e9t\u00e9 directeur du Marin Municipal Water District.<\/p><p><strong>Membre du Congr\u00e8s John Garamendi <\/strong><\/p><p>Le d\u00e9put\u00e9 Garamendi a \u00e9t\u00e9 \u00e9lu pour la premi\u00e8re fois \u00e0 la l\u00e9gislature de l'\u00c9tat de Californie en 1974, o\u00f9 il a \u00e9t\u00e9 l'auteur du premier cr\u00e9dit d'imp\u00f4t national pour l'\u00e9nergie solaire, l'\u00e9nergie \u00e9olienne et les \u00e9conomies d'\u00e9nergie. Garamendi a \u00e9t\u00e9 nomm\u00e9 secr\u00e9taire adjoint \u00e0 l'int\u00e9rieur en 1995 et a men\u00e9 d'importants efforts de restauration environnementale en Californie. Il reste l'un des principaux d\u00e9fenseurs d'un plan global pour l'eau \u00e0 l'\u00e9chelle de l'\u00c9tat.<\/p><p>Le d\u00e9put\u00e9 Garamendi est un d\u00e9fenseur de longue date de l'emploi national, de l'action climatique, des investissements dans les infrastructures, des communaut\u00e9s rurales et des agriculteurs familiaux. Dans la zone de service de MCE, le nouveau district du d\u00e9put\u00e9 Garamendi comprend des parties des comt\u00e9s de Solano et de Contra Costa. Plus r\u00e9cemment, le d\u00e9put\u00e9 Garamendi a soumis une demande de d\u00e9penses communautaires de $1 millions pour \u00e9tendre l'impact du programme Healthy Homes (maisons saines) de MCE.<\/p>\t\t\t\t\t\t\t\t<\/div>\n\t\t\t\t<\/div>\n\t\t\t\t\t<\/div>\n\t\t\t\t<\/div>\n\t\t\t\t<\/div>","protected":false},"excerpt":{"rendered":"<p>Recipients of the 2022 Climate Action Leadership Awards include senators Alex Padilla and Dianne Feinstein, and congressmen Jared Huffman and John Garamendi MCE\u2019s annual Climate Action Leadership Awards celebrate policymakers [&hellip;]<\/p>\n","protected":false},"author":2,"featured_media":40435,"comment_status":"open","ping_status":"open","sticky":false,"template":"elementor_theme","format":"standard","meta":{"_acf_changed":false,"_searchwp_excluded":"","footnotes":""},"categories":[558,821],"tags":[],"class_list":["post-40434","post","type-post","status-publish","format-standard","has-post-thumbnail","hentry","category-in-the-community","category-mce-updates"],"acf":[],"yoast_head":"<!-- This site is optimized with the Yoast SEO Premium plugin v27.4 (Yoast SEO v27.4) - https:\/\/yoast.com\/product\/yoast-seo-premium-wordpress\/ -->\n<title>Meet the 2022 Climate Action Leadership Award Recipients - MCE Blog<\/title>\n<meta name=\"robots\" content=\"index, follow, max-snippet:-1, max-image-preview:large, max-video-preview:-1\" \/>\n<link rel=\"canonical\" href=\"https:\/\/mcecleanenergy.org\/fr\/meet-the-2022-climate-action-leadership-award-recipients\/\" \/>\n<meta property=\"og:locale\" content=\"fr_FR\" \/>\n<meta property=\"og:type\" content=\"article\" \/>\n<meta property=\"og:title\" content=\"Meet the 2022 Climate Action Leadership Award Recipients\" \/>\n<meta property=\"og:description\" content=\"Recipients of the 2022 Climate Action Leadership Awards include senators Alex Padilla and Dianne Feinstein, and congressmen Jared Huffman and John\" \/>\n<meta property=\"og:url\" content=\"https:\/\/mcecleanenergy.org\/fr\/meet-the-2022-climate-action-leadership-award-recipients\/\" \/>\n<meta property=\"og:site_name\" content=\"MCE \u2013 Community Choice Energy\" \/>\n<meta property=\"article:publisher\" content=\"https:\/\/www.facebook.com\/mceCleanEnergy\/\" \/>\n<meta property=\"article:published_time\" content=\"2023-02-23T18:00:21+00:00\" \/>\n<meta property=\"article:modified_time\" content=\"2024-06-16T04:23:36+00:00\" \/>\n<meta property=\"og:image\" content=\"https:\/\/mcecleanenergy.org\/wp-content\/uploads\/2024\/05\/climate-action-leadership-awards-2022-min.png\" \/>\n\t<meta property=\"og:image:width\" content=\"1100\" \/>\n\t<meta property=\"og:image:height\" content=\"440\" \/>\n\t<meta property=\"og:image:type\" content=\"image\/png\" \/>\n<meta name=\"author\" content=\"Rohan\" \/>\n<meta name=\"twitter:card\" content=\"summary_large_image\" \/>\n<meta name=\"twitter:creator\" content=\"@MCECleanEnergy\" \/>\n<meta name=\"twitter:site\" content=\"@MCECleanEnergy\" \/>\n<meta name=\"twitter:label1\" content=\"\u00c9crit par\" \/>\n\t<meta name=\"twitter:data1\" content=\"Rohan\" \/>\n\t<meta name=\"twitter:label2\" content=\"Dur\u00e9e de lecture estim\u00e9e\" \/>\n\t<meta name=\"twitter:data2\" content=\"3 minutes\" \/>\n<script type=\"application\/ld+json\" class=\"yoast-schema-graph\">{\"@context\":\"https:\\\/\\\/schema.org\",\"@graph\":[{\"@type\":\"Article\",\"@id\":\"https:\\\/\\\/mcecleanenergy.org\\\/meet-the-2022-climate-action-leadership-award-recipients\\\/#article\",\"isPartOf\":{\"@id\":\"https:\\\/\\\/mcecleanenergy.org\\\/meet-the-2022-climate-action-leadership-award-recipients\\\/\"},\"author\":{\"name\":\"Rohan\",\"@id\":\"https:\\\/\\\/mcecleanenergy.org\\\/#\\\/schema\\\/person\\\/8ce2f62799413aaa2b6868dc9b471748\"},\"headline\":\"Meet the 2022 Climate Action Leadership Award Recipients\",\"datePublished\":\"2023-02-23T18:00:21+00:00\",\"dateModified\":\"2024-06-16T04:23:36+00:00\",\"mainEntityOfPage\":{\"@id\":\"https:\\\/\\\/mcecleanenergy.org\\\/meet-the-2022-climate-action-leadership-award-recipients\\\/\"},\"wordCount\":614,\"commentCount\":0,\"publisher\":{\"@id\":\"https:\\\/\\\/mcecleanenergy.org\\\/#organization\"},\"image\":{\"@id\":\"https:\\\/\\\/mcecleanenergy.org\\\/meet-the-2022-climate-action-leadership-award-recipients\\\/#primaryimage\"},\"thumbnailUrl\":\"https:\\\/\\\/mcecleanenergy.org\\\/wp-content\\\/uploads\\\/2024\\\/05\\\/climate-action-leadership-awards-2022-min.png\",\"articleSection\":[\"In the Community\",\"MCE Updates\"],\"inLanguage\":\"fr-FR\",\"potentialAction\":[{\"@type\":\"CommentAction\",\"name\":\"Comment\",\"target\":[\"https:\\\/\\\/mcecleanenergy.org\\\/meet-the-2022-climate-action-leadership-award-recipients\\\/#respond\"]}]},{\"@type\":\"WebPage\",\"@id\":\"https:\\\/\\\/mcecleanenergy.org\\\/meet-the-2022-climate-action-leadership-award-recipients\\\/\",\"url\":\"https:\\\/\\\/mcecleanenergy.org\\\/meet-the-2022-climate-action-leadership-award-recipients\\\/\",\"name\":\"Meet the 2022 Climate Action Leadership Award Recipients - MCE Blog\",\"isPartOf\":{\"@id\":\"https:\\\/\\\/mcecleanenergy.org\\\/#website\"},\"primaryImageOfPage\":{\"@id\":\"https:\\\/\\\/mcecleanenergy.org\\\/meet-the-2022-climate-action-leadership-award-recipients\\\/#primaryimage\"},\"image\":{\"@id\":\"https:\\\/\\\/mcecleanenergy.org\\\/meet-the-2022-climate-action-leadership-award-recipients\\\/#primaryimage\"},\"thumbnailUrl\":\"https:\\\/\\\/mcecleanenergy.org\\\/wp-content\\\/uploads\\\/2024\\\/05\\\/climate-action-leadership-awards-2022-min.png\",\"datePublished\":\"2023-02-23T18:00:21+00:00\",\"dateModified\":\"2024-06-16T04:23:36+00:00\",\"breadcrumb\":{\"@id\":\"https:\\\/\\\/mcecleanenergy.org\\\/meet-the-2022-climate-action-leadership-award-recipients\\\/#breadcrumb\"},\"inLanguage\":\"fr-FR\",\"potentialAction\":[{\"@type\":\"ReadAction\",\"target\":[\"https:\\\/\\\/mcecleanenergy.org\\\/meet-the-2022-climate-action-leadership-award-recipients\\\/\"]}]},{\"@type\":\"ImageObject\",\"inLanguage\":\"fr-FR\",\"@id\":\"https:\\\/\\\/mcecleanenergy.org\\\/meet-the-2022-climate-action-leadership-award-recipients\\\/#primaryimage\",\"url\":\"https:\\\/\\\/mcecleanenergy.org\\\/wp-content\\\/uploads\\\/2024\\\/05\\\/climate-action-leadership-awards-2022-min.png\",\"contentUrl\":\"https:\\\/\\\/mcecleanenergy.org\\\/wp-content\\\/uploads\\\/2024\\\/05\\\/climate-action-leadership-awards-2022-min.png\",\"width\":1100,\"height\":440},{\"@type\":\"BreadcrumbList\",\"@id\":\"https:\\\/\\\/mcecleanenergy.org\\\/meet-the-2022-climate-action-leadership-award-recipients\\\/#breadcrumb\",\"itemListElement\":[{\"@type\":\"ListItem\",\"position\":1,\"name\":\"Home\",\"item\":\"https:\\\/\\\/mcecleanenergy.org\\\/\"},{\"@type\":\"ListItem\",\"position\":2,\"name\":\"Meet the 2022 Climate Action Leadership Award Recipients\"}]},{\"@type\":\"WebSite\",\"@id\":\"https:\\\/\\\/mcecleanenergy.org\\\/#website\",\"url\":\"https:\\\/\\\/mcecleanenergy.org\\\/\",\"name\":\"MCE \u2013 Community Choice Energy\",\"description\":\"\",\"publisher\":{\"@id\":\"https:\\\/\\\/mcecleanenergy.org\\\/#organization\"},\"potentialAction\":[{\"@type\":\"SearchAction\",\"target\":{\"@type\":\"EntryPoint\",\"urlTemplate\":\"https:\\\/\\\/mcecleanenergy.org\\\/?s={search_term_string}\"},\"query-input\":{\"@type\":\"PropertyValueSpecification\",\"valueRequired\":true,\"valueName\":\"search_term_string\"}}],\"inLanguage\":\"fr-FR\"},{\"@type\":\"Organization\",\"@id\":\"https:\\\/\\\/mcecleanenergy.org\\\/#organization\",\"name\":\"MCE\",\"url\":\"https:\\\/\\\/mcecleanenergy.org\\\/\",\"logo\":{\"@type\":\"ImageObject\",\"inLanguage\":\"fr-FR\",\"@id\":\"https:\\\/\\\/mcecleanenergy.org\\\/#\\\/schema\\\/logo\\\/image\\\/\",\"url\":\"https:\\\/\\\/mcecleanenergy.org\\\/wp-content\\\/uploads\\\/2024\\\/05\\\/MCE_Logo_Full-Color_RGB_050324.png\",\"contentUrl\":\"https:\\\/\\\/mcecleanenergy.org\\\/wp-content\\\/uploads\\\/2024\\\/05\\\/MCE_Logo_Full-Color_RGB_050324.png\",\"width\":5001,\"height\":2986,\"caption\":\"MCE\"},\"image\":{\"@id\":\"https:\\\/\\\/mcecleanenergy.org\\\/#\\\/schema\\\/logo\\\/image\\\/\"},\"sameAs\":[\"https:\\\/\\\/www.facebook.com\\\/mceCleanEnergy\\\/\",\"https:\\\/\\\/x.com\\\/MCECleanEnergy\",\"https:\\\/\\\/www.instagram.com\\\/mcecleanenergy\\\/\",\"https:\\\/\\\/www.linkedin.com\\\/company\\\/mcecleanenergy\\\/\",\"https:\\\/\\\/www.youtube.com\\\/c\\\/Mcecleanenergy\\\/\",\"https:\\\/\\\/en.wikipedia.org\\\/wiki\\\/Community_Choice_Aggregation#Marin_Clean_Energy\"]},{\"@type\":\"Person\",\"@id\":\"https:\\\/\\\/mcecleanenergy.org\\\/#\\\/schema\\\/person\\\/8ce2f62799413aaa2b6868dc9b471748\",\"name\":\"Rohan\",\"image\":{\"@type\":\"ImageObject\",\"inLanguage\":\"fr-FR\",\"@id\":\"https:\\\/\\\/secure.gravatar.com\\\/avatar\\\/08c0249ed3a34e3695a3cb94fc48aa840d636d2ba6af19ac1dd65e5303c3c992?s=96&d=mm&r=g\",\"url\":\"https:\\\/\\\/secure.gravatar.com\\\/avatar\\\/08c0249ed3a34e3695a3cb94fc48aa840d636d2ba6af19ac1dd65e5303c3c992?s=96&d=mm&r=g\",\"contentUrl\":\"https:\\\/\\\/secure.gravatar.com\\\/avatar\\\/08c0249ed3a34e3695a3cb94fc48aa840d636d2ba6af19ac1dd65e5303c3c992?s=96&d=mm&r=g\",\"caption\":\"Rohan\"},\"url\":\"https:\\\/\\\/mcecleanenergy.org\\\/fr\\\/author\\\/rohan\\\/\"}]}<\/script>\n<!-- \/ Yoast SEO Premium plugin. -->","yoast_head_json":{"title":"Meet the 2022 Climate Action Leadership Award Recipients - MCE Blog","robots":{"index":"index","follow":"follow","max-snippet":"max-snippet:-1","max-image-preview":"max-image-preview:large","max-video-preview":"max-video-preview:-1"},"canonical":"https:\/\/mcecleanenergy.org\/fr\/meet-the-2022-climate-action-leadership-award-recipients\/","og_locale":"fr_FR","og_type":"article","og_title":"Meet the 2022 Climate Action Leadership Award Recipients","og_description":"Recipients of the 2022 Climate Action Leadership Awards include senators Alex Padilla and Dianne Feinstein, and congressmen Jared Huffman and John","og_url":"https:\/\/mcecleanenergy.org\/fr\/meet-the-2022-climate-action-leadership-award-recipients\/","og_site_name":"MCE \u2013 Community Choice Energy","article_publisher":"https:\/\/www.facebook.com\/mceCleanEnergy\/","article_published_time":"2023-02-23T18:00:21+00:00","article_modified_time":"2024-06-16T04:23:36+00:00","og_image":[{"width":1100,"height":440,"url":"https:\/\/mcecleanenergy.org\/wp-content\/uploads\/2024\/05\/climate-action-leadership-awards-2022-min.png","type":"image\/png"}],"author":"Rohan","twitter_card":"summary_large_image","twitter_creator":"@MCECleanEnergy","twitter_site":"@MCECleanEnergy","twitter_misc":{"\u00c9crit par":"Rohan","Dur\u00e9e de lecture estim\u00e9e":"3 minutes"},"schema":{"@context":"https:\/\/schema.org","@graph":[{"@type":"Article","@id":"https:\/\/mcecleanenergy.org\/meet-the-2022-climate-action-leadership-award-recipients\/#article","isPartOf":{"@id":"https:\/\/mcecleanenergy.org\/meet-the-2022-climate-action-leadership-award-recipients\/"},"author":{"name":"Rohan","@id":"https:\/\/mcecleanenergy.org\/#\/schema\/person\/8ce2f62799413aaa2b6868dc9b471748"},"headline":"Meet the 2022 Climate Action Leadership Award Recipients","datePublished":"2023-02-23T18:00:21+00:00","dateModified":"2024-06-16T04:23:36+00:00","mainEntityOfPage":{"@id":"https:\/\/mcecleanenergy.org\/meet-the-2022-climate-action-leadership-award-recipients\/"},"wordCount":614,"commentCount":0,"publisher":{"@id":"https:\/\/mcecleanenergy.org\/#organization"},"image":{"@id":"https:\/\/mcecleanenergy.org\/meet-the-2022-climate-action-leadership-award-recipients\/#primaryimage"},"thumbnailUrl":"https:\/\/mcecleanenergy.org\/wp-content\/uploads\/2024\/05\/climate-action-leadership-awards-2022-min.png","articleSection":["In the Community","MCE Updates"],"inLanguage":"fr-FR","potentialAction":[{"@type":"CommentAction","name":"Comment","target":["https:\/\/mcecleanenergy.org\/meet-the-2022-climate-action-leadership-award-recipients\/#respond"]}]},{"@type":"WebPage","@id":"https:\/\/mcecleanenergy.org\/meet-the-2022-climate-action-leadership-award-recipients\/","url":"https:\/\/mcecleanenergy.org\/meet-the-2022-climate-action-leadership-award-recipients\/","name":"Meet the 2022 Climate Action Leadership Award Recipients - MCE Blog","isPartOf":{"@id":"https:\/\/mcecleanenergy.org\/#website"},"primaryImageOfPage":{"@id":"https:\/\/mcecleanenergy.org\/meet-the-2022-climate-action-leadership-award-recipients\/#primaryimage"},"image":{"@id":"https:\/\/mcecleanenergy.org\/meet-the-2022-climate-action-leadership-award-recipients\/#primaryimage"},"thumbnailUrl":"https:\/\/mcecleanenergy.org\/wp-content\/uploads\/2024\/05\/climate-action-leadership-awards-2022-min.png","datePublished":"2023-02-23T18:00:21+00:00","dateModified":"2024-06-16T04:23:36+00:00","breadcrumb":{"@id":"https:\/\/mcecleanenergy.org\/meet-the-2022-climate-action-leadership-award-recipients\/#breadcrumb"},"inLanguage":"fr-FR","potentialAction":[{"@type":"ReadAction","target":["https:\/\/mcecleanenergy.org\/meet-the-2022-climate-action-leadership-award-recipients\/"]}]},{"@type":"ImageObject","inLanguage":"fr-FR","@id":"https:\/\/mcecleanenergy.org\/meet-the-2022-climate-action-leadership-award-recipients\/#primaryimage","url":"https:\/\/mcecleanenergy.org\/wp-content\/uploads\/2024\/05\/climate-action-leadership-awards-2022-min.png","contentUrl":"https:\/\/mcecleanenergy.org\/wp-content\/uploads\/2024\/05\/climate-action-leadership-awards-2022-min.png","width":1100,"height":440},{"@type":"BreadcrumbList","@id":"https:\/\/mcecleanenergy.org\/meet-the-2022-climate-action-leadership-award-recipients\/#breadcrumb","itemListElement":[{"@type":"ListItem","position":1,"name":"Home","item":"https:\/\/mcecleanenergy.org\/"},{"@type":"ListItem","position":2,"name":"Meet the 2022 Climate Action Leadership Award Recipients"}]},{"@type":"WebSite","@id":"https:\/\/mcecleanenergy.org\/#website","url":"https:\/\/mcecleanenergy.org\/","name":"MCE - \u00c9nergie de choix communautaire","description":"","publisher":{"@id":"https:\/\/mcecleanenergy.org\/#organization"},"potentialAction":[{"@type":"SearchAction","target":{"@type":"EntryPoint","urlTemplate":"https:\/\/mcecleanenergy.org\/?s={search_term_string}"},"query-input":{"@type":"PropertyValueSpecification","valueRequired":true,"valueName":"search_term_string"}}],"inLanguage":"fr-FR"},{"@type":"Organization","@id":"https:\/\/mcecleanenergy.org\/#organization","name":"MCE","url":"https:\/\/mcecleanenergy.org\/","logo":{"@type":"ImageObject","inLanguage":"fr-FR","@id":"https:\/\/mcecleanenergy.org\/#\/schema\/logo\/image\/","url":"https:\/\/mcecleanenergy.org\/wp-content\/uploads\/2024\/05\/MCE_Logo_Full-Color_RGB_050324.png","contentUrl":"https:\/\/mcecleanenergy.org\/wp-content\/uploads\/2024\/05\/MCE_Logo_Full-Color_RGB_050324.png","width":5001,"height":2986,"caption":"MCE"},"image":{"@id":"https:\/\/mcecleanenergy.org\/#\/schema\/logo\/image\/"},"sameAs":["https:\/\/www.facebook.com\/mceCleanEnergy\/","https:\/\/x.com\/MCECleanEnergy","https:\/\/www.instagram.com\/mcecleanenergy\/","https:\/\/www.linkedin.com\/company\/mcecleanenergy\/","https:\/\/www.youtube.com\/c\/Mcecleanenergy\/","https:\/\/en.wikipedia.org\/wiki\/Community_Choice_Aggregation#Marin_Clean_Energy"]},{"@type":"Person","@id":"https:\/\/mcecleanenergy.org\/#\/schema\/person\/8ce2f62799413aaa2b6868dc9b471748","name":"Rohan","image":{"@type":"ImageObject","inLanguage":"fr-FR","@id":"https:\/\/secure.gravatar.com\/avatar\/08c0249ed3a34e3695a3cb94fc48aa840d636d2ba6af19ac1dd65e5303c3c992?s=96&d=mm&r=g","url":"https:\/\/secure.gravatar.com\/avatar\/08c0249ed3a34e3695a3cb94fc48aa840d636d2ba6af19ac1dd65e5303c3c992?s=96&d=mm&r=g","contentUrl":"https:\/\/secure.gravatar.com\/avatar\/08c0249ed3a34e3695a3cb94fc48aa840d636d2ba6af19ac1dd65e5303c3c992?s=96&d=mm&r=g","caption":"Rohan"},"url":"https:\/\/mcecleanenergy.org\/fr\/author\/rohan\/"}]}},"_links":{"self":[{"href":"https:\/\/mcecleanenergy.org\/fr\/wp-json\/wp\/v2\/posts\/40434","targetHints":{"allow":["GET"]}}],"collection":[{"href":"https:\/\/mcecleanenergy.org\/fr\/wp-json\/wp\/v2\/posts"}],"about":[{"href":"https:\/\/mcecleanenergy.org\/fr\/wp-json\/wp\/v2\/types\/post"}],"author":[{"embeddable":true,"href":"https:\/\/mcecleanenergy.org\/fr\/wp-json\/wp\/v2\/users\/2"}],"replies":[{"embeddable":true,"href":"https:\/\/mcecleanenergy.org\/fr\/wp-json\/wp\/v2\/comments?post=40434"}],"version-history":[{"count":0,"href":"https:\/\/mcecleanenergy.org\/fr\/wp-json\/wp\/v2\/posts\/40434\/revisions"}],"wp:featuredmedia":[{"embeddable":true,"href":"https:\/\/mcecleanenergy.org\/fr\/wp-json\/wp\/v2\/media\/40435"}],"wp:attachment":[{"href":"https:\/\/mcecleanenergy.org\/fr\/wp-json\/wp\/v2\/media?parent=40434"}],"wp:term":[{"taxonomy":"category","embeddable":true,"href":"https:\/\/mcecleanenergy.org\/fr\/wp-json\/wp\/v2\/categories?post=40434"},{"taxonomy":"post_tag","embeddable":true,"href":"https:\/\/mcecleanenergy.org\/fr\/wp-json\/wp\/v2\/tags?post=40434"}],"curies":[{"name":"wp","href":"https:\/\/api.w.org\/{rel}","templated":true}]}}